{"id":3512,"date":"2013-12-13T15:40:30","date_gmt":"2013-12-13T13:40:30","guid":{"rendered":"https:\/\/www.sabado100.com.ar\/?p=3512"},"modified":"2013-12-13T15:40:30","modified_gmt":"2013-12-13T13:40:30","slug":"cristina-bailaba-mientras-eran-velados-8-muertos","status":"publish","type":"post","link":"https:\/\/sabado100.com.ar\/es-ar\/cristina-bailaba-mientras-eran-velados-8-muertos\/","title":{"rendered":"Cristina bailaba mientras eran velados 8 muertos"},"content":{"rendered":"<p><img decoding=\"async\" style=\"max-height: 250px;\" alt=\"\" src=\"http:\/\/www.diariolaopinion.com.ar\/FotosNoticias\/48696_c1.jpg\" border=\"0\" \/><\/p>\n<p><strong>Por Emilio J. Grande.-<\/strong>\u00a0Sin palabras. O seg\u00fan los opinantes, unos abundan en calificativos descalificadores o los obsecuentes se llenan la boca con t\u00e9rminos laudatorios.<br \/>\nTal escenario aparec\u00eda coincidente mientras se realizan los funerales de Nelson Mandela, ese h\u00e9roe de incontables luces brillantes, de quien basta y sobra con citar un gesto para medir su estatura moral: tras 27 a\u00f1os de estar encarcelado y obligado a trabajos forzosos, al asumir la presidencia de Sud\u00e1frica rechaz\u00f3 rotundamente las insinuaciones para que castigara a quienes lo hab\u00edan maltratado cruelmente por defender la libertad y derrotar el flagelo de la discriminaci\u00f3n racial. Hab\u00eda dicho: \u201cEl pa\u00eds necesita que miremos hacia adelante\u201d.<br \/>\nHay personas que al sobrevivir enfermedades graves comienzan un nuevo cap\u00edtulo en sus vidas, cambiando bondad por encono, perd\u00f3n y comprensi\u00f3n por resentimiento y odio.<br \/>\nPor lo visto, el d\u00eda de la celebraci\u00f3n de los 30 a\u00f1os de la democracia la presidenta Cristina demostr\u00f3 mantener inalterables por la insensibilidad, el odio, la soberbia y el autoritarismo que destilaba antes de enfermar.<br \/>\nBail\u00f3 mientras en varias provincias del pa\u00eds eran velados 8 muertos, v\u00edctimas de los sucesos naturales, lamentablemente, propios de la crisis social instalada en el pa\u00eds en los \u00faltimos 10 a\u00f1os gobernados por el matrimonio Kirchner.<br \/>\nMientras Cristina danzaba desde Resistencia Juan Carlos Bacileff -el sucesor de Capitanich- desencajado por lo que suced\u00eda en el Chaco, dec\u00eda con referencia a la celebraci\u00f3n de los 30 a\u00f1os de democracia que \u201cno estoy con \u00e1nimo para ning\u00fan tipo de festejo\u201d.<\/p>\n<p><strong>INDIGNACION SUPREMA<\/strong><br \/>\nAdem\u00e1s del baile presidencial, en tanto se velaban 8 muertos argentinos, otra tremenda falta de respeto provoc\u00f3 que el diario La Naci\u00f3n publicara una carta firmada por Juan Jos\u00e9 Taranco, cuyo texto interpreta el pensamiento de los millones de ciudadanos que el domingo 27 de octubre expresaran su sentir en las urnas. Dice esa carta: \u201cMe caus\u00f3 desaz\u00f3n el nombramiento del vicepresidente como nuestro representante en las ceremonias f\u00fanebres de Nelson Mandela. Resulta seguramente vergonzante e irritante, adem\u00e1s de provocativo para y con gran parte de la ciudadan\u00eda argentina, tal designaci\u00f3n para concurrir a los homenajes p\u00f3stumos a una persona de tan elevada estatura moral y pol\u00edtica. Aunque no pese condena judicial a\u00fan, las pruebas existentes son abrumadoras e inexcusables\u201d.<\/p>\n<p><strong>LESA HUMANIDAD<\/strong><br \/>\nEn nota de pocos meses atr\u00e1s calificamos de \u201cdelito de lesa humanidad\u201d el tratamiento dado por la Presidenta a los 4.700.000 jubilados que padecen la asignaci\u00f3n m\u00ednima, apenas superior a los 2.400 pesos, situaci\u00f3n inconcebible que ahora sobresale m\u00e1s con los aumentos logrados por las polic\u00edas de varias provincias con el sueldo b\u00e1sico de unos 8.000 pesos.<br \/>\nCristina Kirchner adem\u00e1s de haber impedido mediante veto la aplicaci\u00f3n del 82% que por ley hab\u00eda sancionado el Congreso que establece la Constituci\u00f3n, descaradamente y sin compasi\u00f3n permite que la ANSES sea el organismo que cubre necesidades del Tesoro nacional y tambi\u00e9n financie a entidades p\u00fablicas y empresas privadas, dilapidando as\u00ed miles y miles de millones de pesos que aportaron los pasivos durante 30 y 40 a\u00f1os de vida \u00fatil.<br \/>\nCuesta entender que las entidades que representan a la clase pasiva no organicen en conjunto o separadamente manifestaciones p\u00fablicas en Plaza de Mayo o cacerolazos, \u00fanica forma efectiva de que el gobierno nacional termine su actitud criminal de especular con la edad de los jubilados, no cumpliendo con el pago de retroactivos por juicios ganados y no duplique cuanto menos la actual asignaci\u00f3n m\u00ednima.<\/p>\n<p>&nbsp;<\/p>\n","protected":false},"excerpt":{"rendered":"<p>Por Emilio J. Grande.-\u00a0Sin palabras. O seg\u00fan los opinantes, unos abundan en calificativos descalificadores o los obsecuentes se llenan la [&hellip;]<\/p>\n","protected":false},"author":2,"featured_media":0,"comment_status":"open","ping_status":"closed","sticky":false,"template":"","format":"standard","meta":{"site-sidebar-layout":"default","site-content-layout":"","ast-site-content-layout":"default","site-content-style":"default","site-sidebar-style":"default","ast-global-header-display":"","ast-banner-title-visibility":"","ast-main-header-display":"","ast-hfb-above-header-display":"","ast-hfb-below-header-display":"","ast-hfb-mobile-header-display":"","site-post-title":"","ast-breadcrumbs-content":"","ast-featured-img":"","footer-sml-layout":"","ast-disable-related-posts":"","theme-transparent-header-meta":"","adv-header-id-meta":"","stick-header-meta":"","header-above-stick-meta":"","header-main-stick-meta":"","header-below-stick-meta":"","astra-migrate-meta-layouts":"default","ast-page-background-enabled":"default","ast-page-background-meta":{"desktop":{"background-color":"var(--ast-global-color-4)","background-image":"","background-repeat":"repeat","background-position":"center center","background-size":"auto","background-attachment":"scroll","background-type":"","background-media":"","overlay-type":"","overlay-color":"","overlay-opacity":"","overlay-gradient":""},"tablet":{"background-color":"","background-image":"","background-repeat":"repeat","background-position":"center center","background-size":"auto","background-attachment":"scroll","background-type":"","background-media":"","overlay-type":"","overlay-color":"","overlay-opacity":"","overlay-gradient":""},"mobile":{"background-color":"","background-image":"","background-repeat":"repeat","background-position":"center center","background-size":"auto","background-attachment":"scroll","background-type":"","background-media":"","overlay-type":"","overlay-color":"","overlay-opacity":"","overlay-gradient":""}},"ast-content-background-meta":{"desktop":{"background-color":"var(--ast-global-color-5)","background-image":"","background-repeat":"repeat","background-position":"center center","background-size":"auto","background-attachment":"scroll","background-type":"","background-media":"","overlay-type":"","overlay-color":"","overlay-opacity":"","overlay-gradient":""},"tablet":{"background-color":"var(--ast-global-color-5)","background-image":"","background-repeat":"repeat","background-position":"center center","background-size":"auto","background-attachment":"scroll","background-type":"","background-media":"","overlay-type":"","overlay-color":"","overlay-opacity":"","overlay-gradient":""},"mobile":{"background-color":"var(--ast-global-color-5)","background-image":"","background-repeat":"repeat","background-position":"center center","background-size":"auto","background-attachment":"scroll","background-type":"","background-media":"","overlay-type":"","overlay-color":"","overlay-opacity":"","overlay-gradient":""}},"footnotes":""},"categories":[4,5],"tags":[5185],"class_list":["post-3512","post","type-post","status-publish","format-standard","hentry","category-cultura-y-sociedad","category-politica","tag-cristina-bailaba"],"yoast_head":"<!-- This site is optimized with the Yoast SEO plugin v23.2 - https:\/\/yoast.com\/wordpress\/plugins\/seo\/ -->\n<title>Cristina bailaba mientras eran velados 8 muertos - Sabado 100<\/title>\n<meta name=\"robots\" content=\"index, follow, max-snippet:-1, max-image-preview:large, max-video-preview:-1\" \/>\n<link rel=\"canonical\" href=\"https:\/\/sabado100.com.ar\/es-ar\/cristina-bailaba-mientras-eran-velados-8-muertos\/\" \/>\n<meta property=\"og:locale\" content=\"es_ES\" \/>\n<meta property=\"og:type\" content=\"article\" \/>\n<meta property=\"og:title\" content=\"Cristina bailaba mientras eran velados 8 muertos - Sabado 100\" \/>\n<meta property=\"og:description\" content=\"Por Emilio J. Grande.-\u00a0Sin palabras. O seg\u00fan los opinantes, unos abundan en calificativos descalificadores o los obsecuentes se llenan la [&hellip;]\" \/>\n<meta property=\"og:url\" content=\"https:\/\/sabado100.com.ar\/es-ar\/cristina-bailaba-mientras-eran-velados-8-muertos\/\" \/>\n<meta property=\"og:site_name\" content=\"Sabado 100\" \/>\n<meta property=\"article:publisher\" content=\"https:\/\/www.facebook.com\/sabadocien\/\" \/>\n<meta property=\"article:published_time\" content=\"2013-12-13T13:40:30+00:00\" \/>\n<meta property=\"og:image\" content=\"http:\/\/www.diariolaopinion.com.ar\/FotosNoticias\/48696_c1.jpg\" \/>\n<meta name=\"author\" content=\"sabado cien\" \/>\n<meta name=\"twitter:card\" content=\"summary_large_image\" \/>\n<meta name=\"twitter:label1\" content=\"Escrito por\" \/>\n\t<meta name=\"twitter:data1\" content=\"sabado cien\" \/>\n\t<meta name=\"twitter:label2\" content=\"Tiempo de lectura\" \/>\n\t<meta name=\"twitter:data2\" content=\"3 minutos\" \/>\n<script type=\"application\/ld+json\" class=\"yoast-schema-graph\">{\"@context\":\"https:\/\/schema.org\",\"@graph\":[{\"@type\":\"Article\",\"@id\":\"https:\/\/sabado100.com.ar\/es-ar\/cristina-bailaba-mientras-eran-velados-8-muertos\/#article\",\"isPartOf\":{\"@id\":\"https:\/\/sabado100.com.ar\/es-ar\/cristina-bailaba-mientras-eran-velados-8-muertos\/\"},\"author\":{\"name\":\"sabado cien\",\"@id\":\"https:\/\/sabado100.com.ar\/es-ar\/#\/schema\/person\/58e38b918ef4e44b11398f25d4684c6d\"},\"headline\":\"Cristina bailaba mientras eran velados 8 muertos\",\"datePublished\":\"2013-12-13T13:40:30+00:00\",\"dateModified\":\"2013-12-13T13:40:30+00:00\",\"mainEntityOfPage\":{\"@id\":\"https:\/\/sabado100.com.ar\/es-ar\/cristina-bailaba-mientras-eran-velados-8-muertos\/\"},\"wordCount\":610,\"commentCount\":0,\"publisher\":{\"@id\":\"https:\/\/sabado100.com.ar\/es-ar\/#organization\"},\"image\":{\"@id\":\"https:\/\/sabado100.com.ar\/es-ar\/cristina-bailaba-mientras-eran-velados-8-muertos\/#primaryimage\"},\"thumbnailUrl\":\"http:\/\/www.diariolaopinion.com.ar\/FotosNoticias\/48696_c1.jpg\",\"keywords\":[\"Cristina bailaba\"],\"articleSection\":[\"Cultura y Sociedad\",\"Pol\u00edtica\"],\"inLanguage\":\"es\",\"potentialAction\":[{\"@type\":\"CommentAction\",\"name\":\"Comment\",\"target\":[\"https:\/\/sabado100.com.ar\/es-ar\/cristina-bailaba-mientras-eran-velados-8-muertos\/#respond\"]}]},{\"@type\":\"WebPage\",\"@id\":\"https:\/\/sabado100.com.ar\/es-ar\/cristina-bailaba-mientras-eran-velados-8-muertos\/\",\"url\":\"https:\/\/sabado100.com.ar\/es-ar\/cristina-bailaba-mientras-eran-velados-8-muertos\/\",\"name\":\"Cristina bailaba mientras eran velados 8 muertos - Sabado 100\",\"isPartOf\":{\"@id\":\"https:\/\/sabado100.com.ar\/es-ar\/#website\"},\"primaryImageOfPage\":{\"@id\":\"https:\/\/sabado100.com.ar\/es-ar\/cristina-bailaba-mientras-eran-velados-8-muertos\/#primaryimage\"},\"image\":{\"@id\":\"https:\/\/sabado100.com.ar\/es-ar\/cristina-bailaba-mientras-eran-velados-8-muertos\/#primaryimage\"},\"thumbnailUrl\":\"http:\/\/www.diariolaopinion.com.ar\/FotosNoticias\/48696_c1.jpg\",\"datePublished\":\"2013-12-13T13:40:30+00:00\",\"dateModified\":\"2013-12-13T13:40:30+00:00\",\"breadcrumb\":{\"@id\":\"https:\/\/sabado100.com.ar\/es-ar\/cristina-bailaba-mientras-eran-velados-8-muertos\/#breadcrumb\"},\"inLanguage\":\"es\",\"potentialAction\":[{\"@type\":\"ReadAction\",\"target\":[\"https:\/\/sabado100.com.ar\/es-ar\/cristina-bailaba-mientras-eran-velados-8-muertos\/\"]}]},{\"@type\":\"ImageObject\",\"inLanguage\":\"es\",\"@id\":\"https:\/\/sabado100.com.ar\/es-ar\/cristina-bailaba-mientras-eran-velados-8-muertos\/#primaryimage\",\"url\":\"http:\/\/www.diariolaopinion.com.ar\/FotosNoticias\/48696_c1.jpg\",\"contentUrl\":\"http:\/\/www.diariolaopinion.com.ar\/FotosNoticias\/48696_c1.jpg\"},{\"@type\":\"BreadcrumbList\",\"@id\":\"https:\/\/sabado100.com.ar\/es-ar\/cristina-bailaba-mientras-eran-velados-8-muertos\/#breadcrumb\",\"itemListElement\":[{\"@type\":\"ListItem\",\"position\":1,\"name\":\"Portada\",\"item\":\"https:\/\/sabado100.com.ar\/es-ar\/\"},{\"@type\":\"ListItem\",\"position\":2,\"name\":\"Cristina bailaba mientras eran velados 8 muertos\"}]},{\"@type\":\"WebSite\",\"@id\":\"https:\/\/sabado100.com.ar\/es-ar\/#website\",\"url\":\"https:\/\/sabado100.com.ar\/es-ar\/\",\"name\":\"Sabado 100\",\"description\":\"\",\"publisher\":{\"@id\":\"https:\/\/sabado100.com.ar\/es-ar\/#organization\"},\"potentialAction\":[{\"@type\":\"SearchAction\",\"target\":{\"@type\":\"EntryPoint\",\"urlTemplate\":\"https:\/\/sabado100.com.ar\/es-ar\/?s={search_term_string}\"},\"query-input\":\"required name=search_term_string\"}],\"inLanguage\":\"es\"},{\"@type\":\"Organization\",\"@id\":\"https:\/\/sabado100.com.ar\/es-ar\/#organization\",\"name\":\"Sabado 100\",\"url\":\"https:\/\/sabado100.com.ar\/es-ar\/\",\"logo\":{\"@type\":\"ImageObject\",\"inLanguage\":\"es\",\"@id\":\"https:\/\/sabado100.com.ar\/es-ar\/#\/schema\/logo\/image\/\",\"url\":\"https:\/\/sabado100.com.ar\/es-ar\/wp-content\/uploads\/2024\/04\/logo3.jpg\",\"contentUrl\":\"https:\/\/sabado100.com.ar\/es-ar\/wp-content\/uploads\/2024\/04\/logo3.jpg\",\"width\":300,\"height\":174,\"caption\":\"Sabado 100\"},\"image\":{\"@id\":\"https:\/\/sabado100.com.ar\/es-ar\/#\/schema\/logo\/image\/\"},\"sameAs\":[\"https:\/\/www.facebook.com\/sabadocien\/\",\"https:\/\/www.instagram.com\/sabado100.com.ar\/\",\"https:\/\/www.youtube.com\/@sabado1003\"]},{\"@type\":\"Person\",\"@id\":\"https:\/\/sabado100.com.ar\/es-ar\/#\/schema\/person\/58e38b918ef4e44b11398f25d4684c6d\",\"name\":\"sabado cien\",\"image\":{\"@type\":\"ImageObject\",\"inLanguage\":\"es\",\"@id\":\"https:\/\/sabado100.com.ar\/es-ar\/#\/schema\/person\/image\/\",\"url\":\"https:\/\/sabado100.com.ar\/es-ar\/wp-content\/litespeed\/avatar\/484bccfbd493fbb703b0f1b8113dad61.jpg?ver=1787731622\",\"contentUrl\":\"https:\/\/sabado100.com.ar\/es-ar\/wp-content\/litespeed\/avatar\/484bccfbd493fbb703b0f1b8113dad61.jpg?ver=1787731622\",\"caption\":\"sabado cien\"},\"url\":\"https:\/\/sabado100.com.ar\/es-ar\/author\/sabado100\/\"}]}<\/script>\n<!-- \/ Yoast SEO plugin. -->","yoast_head_json":{"title":"Cristina bailaba mientras eran velados 8 muertos - Sabado 100","robots":{"index":"index","follow":"follow","max-snippet":"max-snippet:-1","max-image-preview":"max-image-preview:large","max-video-preview":"max-video-preview:-1"},"canonical":"https:\/\/sabado100.com.ar\/es-ar\/cristina-bailaba-mientras-eran-velados-8-muertos\/","og_locale":"es_ES","og_type":"article","og_title":"Cristina bailaba mientras eran velados 8 muertos - Sabado 100","og_description":"Por Emilio J. Grande.-\u00a0Sin palabras. O seg\u00fan los opinantes, unos abundan en calificativos descalificadores o los obsecuentes se llenan la [&hellip;]","og_url":"https:\/\/sabado100.com.ar\/es-ar\/cristina-bailaba-mientras-eran-velados-8-muertos\/","og_site_name":"Sabado 100","article_publisher":"https:\/\/www.facebook.com\/sabadocien\/","article_published_time":"2013-12-13T13:40:30+00:00","og_image":[{"url":"http:\/\/www.diariolaopinion.com.ar\/FotosNoticias\/48696_c1.jpg"}],"author":"sabado cien","twitter_card":"summary_large_image","twitter_misc":{"Escrito por":"sabado cien","Tiempo de lectura":"3 minutos"},"schema":{"@context":"https:\/\/schema.org","@graph":[{"@type":"Article","@id":"https:\/\/sabado100.com.ar\/es-ar\/cristina-bailaba-mientras-eran-velados-8-muertos\/#article","isPartOf":{"@id":"https:\/\/sabado100.com.ar\/es-ar\/cristina-bailaba-mientras-eran-velados-8-muertos\/"},"author":{"name":"sabado cien","@id":"https:\/\/sabado100.com.ar\/es-ar\/#\/schema\/person\/58e38b918ef4e44b11398f25d4684c6d"},"headline":"Cristina bailaba mientras eran velados 8 muertos","datePublished":"2013-12-13T13:40:30+00:00","dateModified":"2013-12-13T13:40:30+00:00","mainEntityOfPage":{"@id":"https:\/\/sabado100.com.ar\/es-ar\/cristina-bailaba-mientras-eran-velados-8-muertos\/"},"wordCount":610,"commentCount":0,"publisher":{"@id":"https:\/\/sabado100.com.ar\/es-ar\/#organization"},"image":{"@id":"https:\/\/sabado100.com.ar\/es-ar\/cristina-bailaba-mientras-eran-velados-8-muertos\/#primaryimage"},"thumbnailUrl":"http:\/\/www.diariolaopinion.com.ar\/FotosNoticias\/48696_c1.jpg","keywords":["Cristina bailaba"],"articleSection":["Cultura y Sociedad","Pol\u00edtica"],"inLanguage":"es","potentialAction":[{"@type":"CommentAction","name":"Comment","target":["https:\/\/sabado100.com.ar\/es-ar\/cristina-bailaba-mientras-eran-velados-8-muertos\/#respond"]}]},{"@type":"WebPage","@id":"https:\/\/sabado100.com.ar\/es-ar\/cristina-bailaba-mientras-eran-velados-8-muertos\/","url":"https:\/\/sabado100.com.ar\/es-ar\/cristina-bailaba-mientras-eran-velados-8-muertos\/","name":"Cristina bailaba mientras eran velados 8 muertos - Sabado 100","isPartOf":{"@id":"https:\/\/sabado100.com.ar\/es-ar\/#website"},"primaryImageOfPage":{"@id":"https:\/\/sabado100.com.ar\/es-ar\/cristina-bailaba-mientras-eran-velados-8-muertos\/#primaryimage"},"image":{"@id":"https:\/\/sabado100.com.ar\/es-ar\/cristina-bailaba-mientras-eran-velados-8-muertos\/#primaryimage"},"thumbnailUrl":"http:\/\/www.diariolaopinion.com.ar\/FotosNoticias\/48696_c1.jpg","datePublished":"2013-12-13T13:40:30+00:00","dateModified":"2013-12-13T13:40:30+00:00","breadcrumb":{"@id":"https:\/\/sabado100.com.ar\/es-ar\/cristina-bailaba-mientras-eran-velados-8-muertos\/#breadcrumb"},"inLanguage":"es","potentialAction":[{"@type":"ReadAction","target":["https:\/\/sabado100.com.ar\/es-ar\/cristina-bailaba-mientras-eran-velados-8-muertos\/"]}]},{"@type":"ImageObject","inLanguage":"es","@id":"https:\/\/sabado100.com.ar\/es-ar\/cristina-bailaba-mientras-eran-velados-8-muertos\/#primaryimage","url":"http:\/\/www.diariolaopinion.com.ar\/FotosNoticias\/48696_c1.jpg","contentUrl":"http:\/\/www.diariolaopinion.com.ar\/FotosNoticias\/48696_c1.jpg"},{"@type":"BreadcrumbList","@id":"https:\/\/sabado100.com.ar\/es-ar\/cristina-bailaba-mientras-eran-velados-8-muertos\/#breadcrumb","itemListElement":[{"@type":"ListItem","position":1,"name":"Portada","item":"https:\/\/sabado100.com.ar\/es-ar\/"},{"@type":"ListItem","position":2,"name":"Cristina bailaba mientras eran velados 8 muertos"}]},{"@type":"WebSite","@id":"https:\/\/sabado100.com.ar\/es-ar\/#website","url":"https:\/\/sabado100.com.ar\/es-ar\/","name":"Sabado 100","description":"","publisher":{"@id":"https:\/\/sabado100.com.ar\/es-ar\/#organization"},"potentialAction":[{"@type":"SearchAction","target":{"@type":"EntryPoint","urlTemplate":"https:\/\/sabado100.com.ar\/es-ar\/?s={search_term_string}"},"query-input":"required name=search_term_string"}],"inLanguage":"es"},{"@type":"Organization","@id":"https:\/\/sabado100.com.ar\/es-ar\/#organization","name":"Sabado 100","url":"https:\/\/sabado100.com.ar\/es-ar\/","logo":{"@type":"ImageObject","inLanguage":"es","@id":"https:\/\/sabado100.com.ar\/es-ar\/#\/schema\/logo\/image\/","url":"https:\/\/sabado100.com.ar\/es-ar\/wp-content\/uploads\/2024\/04\/logo3.jpg","contentUrl":"https:\/\/sabado100.com.ar\/es-ar\/wp-content\/uploads\/2024\/04\/logo3.jpg","width":300,"height":174,"caption":"Sabado 100"},"image":{"@id":"https:\/\/sabado100.com.ar\/es-ar\/#\/schema\/logo\/image\/"},"sameAs":["https:\/\/www.facebook.com\/sabadocien\/","https:\/\/www.instagram.com\/sabado100.com.ar\/","https:\/\/www.youtube.com\/@sabado1003"]},{"@type":"Person","@id":"https:\/\/sabado100.com.ar\/es-ar\/#\/schema\/person\/58e38b918ef4e44b11398f25d4684c6d","name":"sabado cien","image":{"@type":"ImageObject","inLanguage":"es","@id":"https:\/\/sabado100.com.ar\/es-ar\/#\/schema\/person\/image\/","url":"https:\/\/sabado100.com.ar\/es-ar\/wp-content\/litespeed\/avatar\/484bccfbd493fbb703b0f1b8113dad61.jpg?ver=1787731622","contentUrl":"https:\/\/sabado100.com.ar\/es-ar\/wp-content\/litespeed\/avatar\/484bccfbd493fbb703b0f1b8113dad61.jpg?ver=1787731622","caption":"sabado cien"},"url":"https:\/\/sabado100.com.ar\/es-ar\/author\/sabado100\/"}]}},"_links":{"self":[{"href":"https:\/\/sabado100.com.ar\/es-ar\/wp-json\/wp\/v2\/posts\/3512","targetHints":{"allow":["GET"]}}],"collection":[{"href":"https:\/\/sabado100.com.ar\/es-ar\/wp-json\/wp\/v2\/posts"}],"about":[{"href":"https:\/\/sabado100.com.ar\/es-ar\/wp-json\/wp\/v2\/types\/post"}],"author":[{"embeddable":true,"href":"https:\/\/sabado100.com.ar\/es-ar\/wp-json\/wp\/v2\/users\/2"}],"replies":[{"embeddable":true,"href":"https:\/\/sabado100.com.ar\/es-ar\/wp-json\/wp\/v2\/comments?post=3512"}],"version-history":[{"count":0,"href":"https:\/\/sabado100.com.ar\/es-ar\/wp-json\/wp\/v2\/posts\/3512\/revisions"}],"wp:attachment":[{"href":"https:\/\/sabado100.com.ar\/es-ar\/wp-json\/wp\/v2\/media?parent=3512"}],"wp:term":[{"taxonomy":"category","embeddable":true,"href":"https:\/\/sabado100.com.ar\/es-ar\/wp-json\/wp\/v2\/categories?post=3512"},{"taxonomy":"post_tag","embeddable":true,"href":"https:\/\/sabado100.com.ar\/es-ar\/wp-json\/wp\/v2\/tags?post=3512"}],"curies":[{"name":"wp","href":"https:\/\/api.w.org\/{rel}","templated":true}]}}