{"id":3470,"date":"2013-11-14T20:38:05","date_gmt":"2013-11-14T18:38:05","guid":{"rendered":"https:\/\/www.sabado100.com.ar\/?p=3470"},"modified":"2013-11-14T20:38:05","modified_gmt":"2013-11-14T18:38:05","slug":"el-nuevo-codigo-civil-a-merced-de-las-urgencias-kirchneristas","status":"publish","type":"post","link":"https:\/\/sabado100.com.ar\/es-ar\/el-nuevo-codigo-civil-a-merced-de-las-urgencias-kirchneristas\/","title":{"rendered":"El nuevo C\u00f3digo Civil, a merced de las urgencias kirchneristas"},"content":{"rendered":"<p><strong>Por\u00a0<\/strong><b itemprop=\"name\"><a itemprop=\"url\" title=\"\n            Ver todas las notas de Carlos Pagni\" href=\"http:\/\/www.lanacion.com.ar\/autor\/carlos-pagni-81\" rel=\"author,up\">Carlos Pagni<\/a>.-\u00a0<\/b><a href=\"http:\/\/buscar.lanacion.com.ar\/Cristina%20Kirchner\" target=\"_blank\" rel=\"noopener noreferrer\">Cristina Kirchner<\/a>\u00a0no necesitar\u00e1 volver a la Casa Rosada para que el sue\u00f1o napole\u00f3nico que confes\u00f3 en el a\u00f1o 2011 comience a convertirse en realidad. Sus diputados y senadores presentar\u00e1n hoy, en el Sal\u00f3n Azul del Congreso, el proyecto oficial para reformar el\u00a0<a href=\"http:\/\/buscar.lanacion.com.ar\/tags\/La%20reforma%20del%20c%C3%B3digo%20civil\" target=\"_blank\" rel=\"noopener noreferrer\">C\u00f3digo Civil y Comercial.<\/a>\u00a0El texto es un misterio aun para muchos de sus auspiciantes. Porque la propuesta del Poder Ejecutivo, m\u00e1s que el destilado de un debate entre juristas, es el resultado de las fluctuantes relaciones de la Presidenta con la Corte y con la Curia.<\/p>\n<p>Los especialistas coinciden en que acaso no haya una legislaci\u00f3n con mayor capacidad para modelar la sociedad que el C\u00f3digo Civil. Para enfatizar esa importancia, algunos le asignan una jerarqu\u00eda similar a la de la Constituci\u00f3n. El C\u00f3digo, dicen, regula casi todos los aspectos de la vida humana desde la concepci\u00f3n hasta la muerte. Modificar ese reglamento estrat\u00e9gico deber\u00eda requerir un largo debate. Pero el kirchnerismo prefiere para las grandes leyes los dict\u00e1menes de urgencia. Si no media un esc\u00e1ndalo, esta ley se sancionar\u00eda antes de que cambie la composici\u00f3n de las c\u00e1maras, el pr\u00f3ximo 10 de diciembre. La premura es m\u00e1s llamativa porque casi nadie conoce la redacci\u00f3n definitiva de lo que se pretende aprobar. Los mismos representantes del oficialismo aplaudir\u00e1n hoy el texto a ciegas.<\/p>\n<p>En apariencia, el C\u00f3digo fue elaborado por una comisi\u00f3n de especialistas conducida por\u00a0<a href=\"http:\/\/buscar.lanacion.com.ar\/Ricardo%20Lorenzetti\" target=\"_blank\" rel=\"noopener noreferrer\">Ricardo Lorenzetti<\/a>\u00a0y\u00a0<a href=\"http:\/\/buscar.lanacion.com.ar\/Elena%20Highton%20de%20Nolasco\" target=\"_blank\" rel=\"noopener noreferrer\">Elena Highton de Nolasco<\/a>\u00a0, ministros de la Corte Suprema de Justicia, y por la experta A\u00edda Kemelmajer de Carlucci.<\/p>\n<p>Esta prestigiosa profesora, ex jueza de la Corte de Mendoza e hija de un hist\u00f3rico militante de la UCR, lidera una corriente secularizante del derecho civil. Alrededor de ella trabaja un grupo de juristas, en el que predominan las mujeres, frente al que la Iglesia siempre estuvo prevenida.<\/p>\n<p>La propuesta de\u00a0<a title=\"Ver todas las notas de Ricardo Lorenzetti\" href=\"http:\/\/www.lanacion.com.ar\/ricardo-lorenzetti-t46845\">Lorenzetti<\/a>,\u00a0<a title=\"Ver todas las notas de Elena I. Highton de Nolasco\" href=\"http:\/\/www.lanacion.com.ar\/elena-i-highton-de-nolasco-t48109\">Highton<\/a>\u00a0y Kemelmajer pas\u00f3 a una bicameral parlamentaria que la someti\u00f3 a debate en audiencias p\u00fablicas celebradas en todo el pa\u00eds. Eso s\u00ed: nadie conoce de qu\u00e9 modo las observaciones que se formularon en ese\u00a0<i>road show\u00a0<\/i>fueron aceptadas o rechazadas.<\/p>\n<p>La jerarqu\u00eda eclesi\u00e1stica intervino en muchas de las reuniones, sobre todo a partir del 27 de abril de 2012. Ese d\u00eda, la Asamblea Plenaria de la Conferencia Episcopal se pronunci\u00f3 en contra de varios aspectos del proyecto. Los obispos reiteraron su condena contra la fecundaci\u00f3n artificial, pero, sobre todo, contra la negaci\u00f3n de la condici\u00f3n de persona a los embriones que todav\u00eda no fueron implantados en el seno materno. Entre otras innovaciones, tambi\u00e9n reprobaron la \u00abconcepci\u00f3n heter\u00f3loga\u00bb -es decir, entre personas que no est\u00e1n casadas- y la fecundaci\u00f3n post m\u00f3rtem. Defendieron que las personas concebidas por fecundaci\u00f3n artificial tengan derecho a conocer la identidad de sus padres. Rechazaron que se permita la maternidad subrogada, calificada como \u00abalquiler de vientres\u00bb. Lamentaron que se promuevan v\u00ednculos distintos del matrimonio heterosexual indisoluble, que es el que auspicia la moral cat\u00f3lica. Y que se elimine la infidelidad como agravio a la instituci\u00f3n conyugal. Adem\u00e1s, los prelados repudiaron que se permita el divorcio sin causa, defendido por quienes sostienen que el largo tr\u00e1mite actual da\u00f1a a los que pretenden separarse y a sus familias.<\/p>\n<p>Sordo a las advertencias de la curia, el kirchnerismo sigui\u00f3 barrenando su ola de \u00abampliaci\u00f3n de derechos\u00bb, sobre todo en la Secretar\u00eda de Justicia, una fortaleza de La C\u00e1mpora, a cargo de Juli\u00e1n \u00c1lvarez. Este abogado hizo sus propios agregados al escrito del \u00abcomit\u00e9 de sabios\u00bb. \u00c1lvarez es un ahijado de Eduardo \u00abWado\u00bb De Pedro, el m\u00e1s sagaz y preparado de los amigos de M\u00e1ximo Kirchner.<\/p>\n<p>A fines del a\u00f1o pasado, sin embargo, el impulso al nuevo C\u00f3digo registr\u00f3 una abrupta interrupci\u00f3n. Como el 7 de diciembre la Corte no anul\u00f3 la cautelar que proteg\u00eda a Clar\u00edn de la ley de medios, la se\u00f1ora de Kirchner puso en penitencia a Lorenzetti y a Highton: \u00c1lvarez envi\u00f3 el proyecto al freezer. Esta sanci\u00f3n intelectual se extendi\u00f3 tambi\u00e9n a Kemelmajer, a pesar de que estaba libre de culpa.<\/p>\n<p>Mientras\u00a0<a href=\"http:\/\/www.lanacion.com.ar\/la-reforma-del-codigo-civil-t48073\" target=\"_blank\" rel=\"noopener noreferrer\">la reforma estaba \u00aben pausa\u00bb,<\/a>\u00a0desde Roma lleg\u00f3 una noticia que conmovi\u00f3 la escena nacional: Jorge Bergoglio fue encumbrado a la jefatura de la Iglesia universal. Cristina Kirchner, que tard\u00f3 dos d\u00edas en asimilar la novedad, inici\u00f3 una espectacular vuelta de carnero que la deposit\u00f3 meses despu\u00e9s en R\u00edo de Janeiro, donde, emocionada, recibi\u00f3 los escarpines vaticanos de N\u00e9stor Iv\u00e1n. Sensibles, como corresponde, a las mutaciones de su jefa, los j\u00f3venes de La C\u00e1mpora comenzaron a ir a misa, conducidos por el \u00abCuervo\u00bb Larroque, que se hinc\u00f3 en el reclinatorio de una villa de emergencia.<\/p>\n<p>Con la se\u00f1ora de Kirchner comenz\u00f3 a girar tambi\u00e9n su C\u00f3digo. Los borradores cambiaron de manos, de un Juli\u00e1n a otro. El 10 de junio pasado, la Presidenta recibi\u00f3 a V\u00edctor Manuel Fern\u00e1ndez, rector de la UCA, a quien Francisco acababa de promover como arzobispo de Tiburnia, una di\u00f3cesis extinguida de la provincia romana de Carinthia. Al lado de ella estaba el devoto Juli\u00e1n Dom\u00ednguez, presidente de la C\u00e1mara de Diputados. Desde ese d\u00eda, el arzobispo Fern\u00e1ndez y el p\u00edo Dom\u00ednguez comenzaron a reescribir los textos de Lorenzetti, Highton, Kemelmajer, la bicameral, los asamble\u00edstas y La C\u00e1mpora.<\/p>\n<p>Minutos despu\u00e9s de que la Corte se pronunci\u00f3 en contra de Clar\u00edn, el C\u00f3digo comenz\u00f3 a descongelarse. Elisa Carri\u00f3, de fiesta. Sin embargo, Lorenzetti coment\u00f3 ayer a sus \u00edntimos que desconoce hasta d\u00f3nde habr\u00e1 llegado Dom\u00ednguez con su contrarreforma. Un inconveniente para la editorial Rubinzal Culzoni, que est\u00e1 por lanzar una edici\u00f3n de la nueva legislaci\u00f3n, comentada por un grupo de juristas bajo la direcci\u00f3n del presidente de la Corte.<\/p>\n<p>Aun cuando se ignoran los detalles,\u00a0<a href=\"http:\/\/www.lanacion.com.ar\/1637123-la-oposicion-y-la-corte-objetaron-el-proyecto-de-reforma-del-codigo-civil\" target=\"_blank\" rel=\"noopener noreferrer\">comenzaron a llover las cr\u00edticas de la oposici\u00f3n.<\/a>\u00a0La m\u00e1s frecuente es que el nuevo texto, para no entrar en pol\u00e9micas ideol\u00f3gicas, remite cuestiones espinosas al dictado de leyes especiales. Los radicales, con\u00a0<a title=\"Ver todas las notas de Ernesto Sanz\" href=\"http:\/\/www.lanacion.com.ar\/ernesto-sanz-t18168\">Ernesto Sanz<\/a>\u00a0a la cabeza, se quejaban ayer: \u00abLa intenci\u00f3n del c\u00f3digo queda desvirtuada porque lo que se pretend\u00eda era reunir en un solo cuerpo la legislaci\u00f3n particular\u00bb. Graciela Cama\u00f1o, en nombre de Sergio Massa, presentar\u00e1 un dictamen propio. Ella tambi\u00e9n prepara un libro.<\/p>\n<p>El kirchnerismo herv\u00eda anoche de inquietud. Para una laicista a ultranza como\u00a0<a title=\"Ver todas las notas de Juliana Di Tullio\" href=\"http:\/\/www.lanacion.com.ar\/juliana-di-tullio-t49493\">Juliana Di Tullio<\/a>, jefa del bloque de diputados y auspiciante de la despenalizaci\u00f3n del aborto, el comentario de Dom\u00ednguez, \u00abcon Francisco no habr\u00e1 ninguna controversia\u00bb, no es motivo de festejo. A<a title=\"Ver todas las notas de Daniel Filmus\" href=\"http:\/\/www.lanacion.com.ar\/daniel-filmus-t46698\">\u00a0Daniel Filmus<\/a>\u00a0le ocurre algo parecido: en el \u00faltimo debate senatorial prometi\u00f3 una \u00abley de interrupci\u00f3n voluntaria del embarazo\u00bb. Por suerte perdi\u00f3 la banca: podr\u00e1 alegar que no le dieron tiempo.\u00a0<a title=\"Ver todas las notas de Diana Conti\" href=\"http:\/\/www.lanacion.com.ar\/diana-conti-t48882\">Diana Conti<\/a>\u00a0y\u00a0<a title=\"Ver todas las notas de Carlos Heller\" href=\"http:\/\/www.lanacion.com.ar\/carlos-heller-t50145\">Carlos Heller<\/a>\u00a0preferir\u00edan, como dijo la Iglesia antes de la visita de monse\u00f1or Fern\u00e1ndez a la Presidenta, que \u00abestos asuntos trascendentes no se traten con urgencia\u00bb.<\/p>\n<p>Muchos analistas se\u00f1alar\u00e1n la nueva versi\u00f3n del C\u00f3digo Civil como un nuevo fracaso del \u00abrelato\u00bb. M\u00e1s profundo que el contrato con Chevron o el pol\u00e9mico pago al fondo Gramercy por los arbitrajes del Ciadi. Sin embargo, desde una mayor perspectiva temporal, reaparece la fascinante obstinaci\u00f3n de los peronistas con su propia identidad. En su ensayo\u00a0<i>El peronismo y la Iglesia Cat\u00f3lica\u00a0<\/i>, Lila Caimari se\u00f1al\u00f3 que ese movimiento \u00abfue el m\u00e1s cat\u00f3lico de la historia contempor\u00e1nea argentina y tambi\u00e9n el que m\u00e1s conflictos tuvo con la Iglesia y los cat\u00f3licos\u00bb. La peripecia del C\u00f3digo de<a title=\"Ver todas las notas de Cristina Kirchner\" href=\"http:\/\/www.lanacion.com.ar\/cristina-kirchner-t988\">Cristina Kirchner<\/a>\u00a0condensa esa doble condici\u00f3n. Aun el proyecto que los obispos denunciaron por sus desviaciones de la \u00abley natural\u00bb manten\u00eda en el art\u00edculo 142 la \u00edndole de \u00abpersona jur\u00eddica p\u00fablica\u00bb para la Iglesia Cat\u00f3lica. Perspicaz, el arzobispo de Corrientes, Andr\u00e9s Stanovnik, reclam\u00f3 que se conceda el mismo estatus a las dem\u00e1s confesiones.<\/p>\n<p>El debate sobre el C\u00f3digo, o la obturaci\u00f3n de ese debate, es un aporte exquisito a la historia de las afinidades y conflictos entre la Iglesia y el peronismo, en la que la biograf\u00eda del padre Bergoglio podr\u00eda inspirar alg\u00fan cap\u00edtulo. Pero esta pol\u00e9mica ofrece, adem\u00e1s, una exhibici\u00f3n de otra contradicci\u00f3n at\u00e1vica: la que arrastra el peronismo con, por usar la f\u00f3rmula de Carlos Altamirano, la \u00abcultura de izquierda\u00bb. Es casi inevitable que Conti, Filmus y Heller terminen aprobando un texto expurgado por la mano invisible de Francisco, mientras Victorio Codovilla se revuelve en su tumba moscovita.<\/p>\n<p>Fuente: diario La Naci\u00f3n, Buenos Aires, 14\/11\/2013.<\/p>\n","protected":false},"excerpt":{"rendered":"<p>Por\u00a0Carlos Pagni.-\u00a0Cristina Kirchner\u00a0no necesitar\u00e1 volver a la Casa Rosada para que el sue\u00f1o napole\u00f3nico que confes\u00f3 en el a\u00f1o 2011 [&hellip;]<\/p>\n","protected":false},"author":2,"featured_media":0,"comment_status":"open","ping_status":"closed","sticky":false,"template":"","format":"standard","meta":{"site-sidebar-layout":"default","site-content-layout":"","ast-site-content-layout":"default","site-content-style":"default","site-sidebar-style":"default","ast-global-header-display":"","ast-banner-title-visibility":"","ast-main-header-display":"","ast-hfb-above-header-display":"","ast-hfb-below-header-display":"","ast-hfb-mobile-header-display":"","site-post-title":"","ast-breadcrumbs-content":"","ast-featured-img":"","footer-sml-layout":"","ast-disable-related-posts":"","theme-transparent-header-meta":"","adv-header-id-meta":"","stick-header-meta":"","header-above-stick-meta":"","header-main-stick-meta":"","header-below-stick-meta":"","astra-migrate-meta-layouts":"default","ast-page-background-enabled":"default","ast-page-background-meta":{"desktop":{"background-color":"var(--ast-global-color-4)","background-image":"","background-repeat":"repeat","background-position":"center center","background-size":"auto","background-attachment":"scroll","background-type":"","background-media":"","overlay-type":"","overlay-color":"","overlay-opacity":"","overlay-gradient":""},"tablet":{"background-color":"","background-image":"","background-repeat":"repeat","background-position":"center center","background-size":"auto","background-attachment":"scroll","background-type":"","background-media":"","overlay-type":"","overlay-color":"","overlay-opacity":"","overlay-gradient":""},"mobile":{"background-color":"","background-image":"","background-repeat":"repeat","background-position":"center center","background-size":"auto","background-attachment":"scroll","background-type":"","background-media":"","overlay-type":"","overlay-color":"","overlay-opacity":"","overlay-gradient":""}},"ast-content-background-meta":{"desktop":{"background-color":"var(--ast-global-color-5)","background-image":"","background-repeat":"repeat","background-position":"center center","background-size":"auto","background-attachment":"scroll","background-type":"","background-media":"","overlay-type":"","overlay-color":"","overlay-opacity":"","overlay-gradient":""},"tablet":{"background-color":"var(--ast-global-color-5)","background-image":"","background-repeat":"repeat","background-position":"center center","background-size":"auto","background-attachment":"scroll","background-type":"","background-media":"","overlay-type":"","overlay-color":"","overlay-opacity":"","overlay-gradient":""},"mobile":{"background-color":"var(--ast-global-color-5)","background-image":"","background-repeat":"repeat","background-position":"center center","background-size":"auto","background-attachment":"scroll","background-type":"","background-media":"","overlay-type":"","overlay-color":"","overlay-opacity":"","overlay-gradient":""}},"footnotes":""},"categories":[4,5,29],"tags":[5169],"class_list":["post-3470","post","type-post","status-publish","format-standard","hentry","category-cultura-y-sociedad","category-politica","category-religion","tag-nuevo-codigo-civil"],"yoast_head":"<!-- This site is optimized with the Yoast SEO plugin v23.2 - https:\/\/yoast.com\/wordpress\/plugins\/seo\/ -->\n<title>El nuevo C\u00f3digo Civil, a merced de las urgencias kirchneristas - Sabado 100<\/title>\n<meta name=\"robots\" content=\"index, follow, max-snippet:-1, max-image-preview:large, max-video-preview:-1\" \/>\n<link rel=\"canonical\" href=\"https:\/\/sabado100.com.ar\/es-ar\/el-nuevo-codigo-civil-a-merced-de-las-urgencias-kirchneristas\/\" \/>\n<meta property=\"og:locale\" content=\"es_ES\" \/>\n<meta property=\"og:type\" content=\"article\" \/>\n<meta property=\"og:title\" content=\"El nuevo C\u00f3digo Civil, a merced de las urgencias kirchneristas - Sabado 100\" \/>\n<meta property=\"og:description\" content=\"Por\u00a0Carlos Pagni.-\u00a0Cristina Kirchner\u00a0no necesitar\u00e1 volver a la Casa Rosada para que el sue\u00f1o napole\u00f3nico que confes\u00f3 en el a\u00f1o 2011 [&hellip;]\" \/>\n<meta property=\"og:url\" content=\"https:\/\/sabado100.com.ar\/es-ar\/el-nuevo-codigo-civil-a-merced-de-las-urgencias-kirchneristas\/\" \/>\n<meta property=\"og:site_name\" content=\"Sabado 100\" \/>\n<meta property=\"article:publisher\" content=\"https:\/\/www.facebook.com\/sabadocien\/\" \/>\n<meta property=\"article:published_time\" content=\"2013-11-14T18:38:05+00:00\" \/>\n<meta name=\"author\" content=\"sabado cien\" \/>\n<meta name=\"twitter:card\" content=\"summary_large_image\" \/>\n<meta name=\"twitter:label1\" content=\"Escrito por\" \/>\n\t<meta name=\"twitter:data1\" content=\"sabado cien\" \/>\n\t<meta name=\"twitter:label2\" content=\"Tiempo de lectura\" \/>\n\t<meta name=\"twitter:data2\" content=\"8 minutos\" \/>\n<script type=\"application\/ld+json\" class=\"yoast-schema-graph\">{\"@context\":\"https:\/\/schema.org\",\"@graph\":[{\"@type\":\"Article\",\"@id\":\"https:\/\/sabado100.com.ar\/es-ar\/el-nuevo-codigo-civil-a-merced-de-las-urgencias-kirchneristas\/#article\",\"isPartOf\":{\"@id\":\"https:\/\/sabado100.com.ar\/es-ar\/el-nuevo-codigo-civil-a-merced-de-las-urgencias-kirchneristas\/\"},\"author\":{\"name\":\"sabado cien\",\"@id\":\"https:\/\/sabado100.com.ar\/es-ar\/#\/schema\/person\/58e38b918ef4e44b11398f25d4684c6d\"},\"headline\":\"El nuevo C\u00f3digo Civil, a merced de las urgencias kirchneristas\",\"datePublished\":\"2013-11-14T18:38:05+00:00\",\"dateModified\":\"2013-11-14T18:38:05+00:00\",\"mainEntityOfPage\":{\"@id\":\"https:\/\/sabado100.com.ar\/es-ar\/el-nuevo-codigo-civil-a-merced-de-las-urgencias-kirchneristas\/\"},\"wordCount\":1516,\"commentCount\":0,\"publisher\":{\"@id\":\"https:\/\/sabado100.com.ar\/es-ar\/#organization\"},\"keywords\":[\"nuevo C\u00f3digo Civil\"],\"articleSection\":[\"Cultura y Sociedad\",\"Pol\u00edtica\",\"Religi\u00f3n\"],\"inLanguage\":\"es\",\"potentialAction\":[{\"@type\":\"CommentAction\",\"name\":\"Comment\",\"target\":[\"https:\/\/sabado100.com.ar\/es-ar\/el-nuevo-codigo-civil-a-merced-de-las-urgencias-kirchneristas\/#respond\"]}]},{\"@type\":\"WebPage\",\"@id\":\"https:\/\/sabado100.com.ar\/es-ar\/el-nuevo-codigo-civil-a-merced-de-las-urgencias-kirchneristas\/\",\"url\":\"https:\/\/sabado100.com.ar\/es-ar\/el-nuevo-codigo-civil-a-merced-de-las-urgencias-kirchneristas\/\",\"name\":\"El nuevo C\u00f3digo Civil, a merced de las urgencias kirchneristas - Sabado 100\",\"isPartOf\":{\"@id\":\"https:\/\/sabado100.com.ar\/es-ar\/#website\"},\"datePublished\":\"2013-11-14T18:38:05+00:00\",\"dateModified\":\"2013-11-14T18:38:05+00:00\",\"breadcrumb\":{\"@id\":\"https:\/\/sabado100.com.ar\/es-ar\/el-nuevo-codigo-civil-a-merced-de-las-urgencias-kirchneristas\/#breadcrumb\"},\"inLanguage\":\"es\",\"potentialAction\":[{\"@type\":\"ReadAction\",\"target\":[\"https:\/\/sabado100.com.ar\/es-ar\/el-nuevo-codigo-civil-a-merced-de-las-urgencias-kirchneristas\/\"]}]},{\"@type\":\"BreadcrumbList\",\"@id\":\"https:\/\/sabado100.com.ar\/es-ar\/el-nuevo-codigo-civil-a-merced-de-las-urgencias-kirchneristas\/#breadcrumb\",\"itemListElement\":[{\"@type\":\"ListItem\",\"position\":1,\"name\":\"Portada\",\"item\":\"https:\/\/sabado100.com.ar\/es-ar\/\"},{\"@type\":\"ListItem\",\"position\":2,\"name\":\"El nuevo C\u00f3digo Civil, a merced de las urgencias kirchneristas\"}]},{\"@type\":\"WebSite\",\"@id\":\"https:\/\/sabado100.com.ar\/es-ar\/#website\",\"url\":\"https:\/\/sabado100.com.ar\/es-ar\/\",\"name\":\"Sabado 100\",\"description\":\"\",\"publisher\":{\"@id\":\"https:\/\/sabado100.com.ar\/es-ar\/#organization\"},\"potentialAction\":[{\"@type\":\"SearchAction\",\"target\":{\"@type\":\"EntryPoint\",\"urlTemplate\":\"https:\/\/sabado100.com.ar\/es-ar\/?s={search_term_string}\"},\"query-input\":\"required name=search_term_string\"}],\"inLanguage\":\"es\"},{\"@type\":\"Organization\",\"@id\":\"https:\/\/sabado100.com.ar\/es-ar\/#organization\",\"name\":\"Sabado 100\",\"url\":\"https:\/\/sabado100.com.ar\/es-ar\/\",\"logo\":{\"@type\":\"ImageObject\",\"inLanguage\":\"es\",\"@id\":\"https:\/\/sabado100.com.ar\/es-ar\/#\/schema\/logo\/image\/\",\"url\":\"https:\/\/sabado100.com.ar\/es-ar\/wp-content\/uploads\/2024\/04\/logo3.jpg\",\"contentUrl\":\"https:\/\/sabado100.com.ar\/es-ar\/wp-content\/uploads\/2024\/04\/logo3.jpg\",\"width\":300,\"height\":174,\"caption\":\"Sabado 100\"},\"image\":{\"@id\":\"https:\/\/sabado100.com.ar\/es-ar\/#\/schema\/logo\/image\/\"},\"sameAs\":[\"https:\/\/www.facebook.com\/sabadocien\/\",\"https:\/\/www.instagram.com\/sabado100.com.ar\/\",\"https:\/\/www.youtube.com\/@sabado1003\"]},{\"@type\":\"Person\",\"@id\":\"https:\/\/sabado100.com.ar\/es-ar\/#\/schema\/person\/58e38b918ef4e44b11398f25d4684c6d\",\"name\":\"sabado cien\",\"image\":{\"@type\":\"ImageObject\",\"inLanguage\":\"es\",\"@id\":\"https:\/\/sabado100.com.ar\/es-ar\/#\/schema\/person\/image\/\",\"url\":\"https:\/\/sabado100.com.ar\/es-ar\/wp-content\/litespeed\/avatar\/484bccfbd493fbb703b0f1b8113dad61.jpg?ver=1787731622\",\"contentUrl\":\"https:\/\/sabado100.com.ar\/es-ar\/wp-content\/litespeed\/avatar\/484bccfbd493fbb703b0f1b8113dad61.jpg?ver=1787731622\",\"caption\":\"sabado cien\"},\"url\":\"https:\/\/sabado100.com.ar\/es-ar\/author\/sabado100\/\"}]}<\/script>\n<!-- \/ Yoast SEO plugin. -->","yoast_head_json":{"title":"El nuevo C\u00f3digo Civil, a merced de las urgencias kirchneristas - Sabado 100","robots":{"index":"index","follow":"follow","max-snippet":"max-snippet:-1","max-image-preview":"max-image-preview:large","max-video-preview":"max-video-preview:-1"},"canonical":"https:\/\/sabado100.com.ar\/es-ar\/el-nuevo-codigo-civil-a-merced-de-las-urgencias-kirchneristas\/","og_locale":"es_ES","og_type":"article","og_title":"El nuevo C\u00f3digo Civil, a merced de las urgencias kirchneristas - Sabado 100","og_description":"Por\u00a0Carlos Pagni.-\u00a0Cristina Kirchner\u00a0no necesitar\u00e1 volver a la Casa Rosada para que el sue\u00f1o napole\u00f3nico que confes\u00f3 en el a\u00f1o 2011 [&hellip;]","og_url":"https:\/\/sabado100.com.ar\/es-ar\/el-nuevo-codigo-civil-a-merced-de-las-urgencias-kirchneristas\/","og_site_name":"Sabado 100","article_publisher":"https:\/\/www.facebook.com\/sabadocien\/","article_published_time":"2013-11-14T18:38:05+00:00","author":"sabado cien","twitter_card":"summary_large_image","twitter_misc":{"Escrito por":"sabado cien","Tiempo de lectura":"8 minutos"},"schema":{"@context":"https:\/\/schema.org","@graph":[{"@type":"Article","@id":"https:\/\/sabado100.com.ar\/es-ar\/el-nuevo-codigo-civil-a-merced-de-las-urgencias-kirchneristas\/#article","isPartOf":{"@id":"https:\/\/sabado100.com.ar\/es-ar\/el-nuevo-codigo-civil-a-merced-de-las-urgencias-kirchneristas\/"},"author":{"name":"sabado cien","@id":"https:\/\/sabado100.com.ar\/es-ar\/#\/schema\/person\/58e38b918ef4e44b11398f25d4684c6d"},"headline":"El nuevo C\u00f3digo Civil, a merced de las urgencias kirchneristas","datePublished":"2013-11-14T18:38:05+00:00","dateModified":"2013-11-14T18:38:05+00:00","mainEntityOfPage":{"@id":"https:\/\/sabado100.com.ar\/es-ar\/el-nuevo-codigo-civil-a-merced-de-las-urgencias-kirchneristas\/"},"wordCount":1516,"commentCount":0,"publisher":{"@id":"https:\/\/sabado100.com.ar\/es-ar\/#organization"},"keywords":["nuevo C\u00f3digo Civil"],"articleSection":["Cultura y Sociedad","Pol\u00edtica","Religi\u00f3n"],"inLanguage":"es","potentialAction":[{"@type":"CommentAction","name":"Comment","target":["https:\/\/sabado100.com.ar\/es-ar\/el-nuevo-codigo-civil-a-merced-de-las-urgencias-kirchneristas\/#respond"]}]},{"@type":"WebPage","@id":"https:\/\/sabado100.com.ar\/es-ar\/el-nuevo-codigo-civil-a-merced-de-las-urgencias-kirchneristas\/","url":"https:\/\/sabado100.com.ar\/es-ar\/el-nuevo-codigo-civil-a-merced-de-las-urgencias-kirchneristas\/","name":"El nuevo C\u00f3digo Civil, a merced de las urgencias kirchneristas - Sabado 100","isPartOf":{"@id":"https:\/\/sabado100.com.ar\/es-ar\/#website"},"datePublished":"2013-11-14T18:38:05+00:00","dateModified":"2013-11-14T18:38:05+00:00","breadcrumb":{"@id":"https:\/\/sabado100.com.ar\/es-ar\/el-nuevo-codigo-civil-a-merced-de-las-urgencias-kirchneristas\/#breadcrumb"},"inLanguage":"es","potentialAction":[{"@type":"ReadAction","target":["https:\/\/sabado100.com.ar\/es-ar\/el-nuevo-codigo-civil-a-merced-de-las-urgencias-kirchneristas\/"]}]},{"@type":"BreadcrumbList","@id":"https:\/\/sabado100.com.ar\/es-ar\/el-nuevo-codigo-civil-a-merced-de-las-urgencias-kirchneristas\/#breadcrumb","itemListElement":[{"@type":"ListItem","position":1,"name":"Portada","item":"https:\/\/sabado100.com.ar\/es-ar\/"},{"@type":"ListItem","position":2,"name":"El nuevo C\u00f3digo Civil, a merced de las urgencias kirchneristas"}]},{"@type":"WebSite","@id":"https:\/\/sabado100.com.ar\/es-ar\/#website","url":"https:\/\/sabado100.com.ar\/es-ar\/","name":"Sabado 100","description":"","publisher":{"@id":"https:\/\/sabado100.com.ar\/es-ar\/#organization"},"potentialAction":[{"@type":"SearchAction","target":{"@type":"EntryPoint","urlTemplate":"https:\/\/sabado100.com.ar\/es-ar\/?s={search_term_string}"},"query-input":"required name=search_term_string"}],"inLanguage":"es"},{"@type":"Organization","@id":"https:\/\/sabado100.com.ar\/es-ar\/#organization","name":"Sabado 100","url":"https:\/\/sabado100.com.ar\/es-ar\/","logo":{"@type":"ImageObject","inLanguage":"es","@id":"https:\/\/sabado100.com.ar\/es-ar\/#\/schema\/logo\/image\/","url":"https:\/\/sabado100.com.ar\/es-ar\/wp-content\/uploads\/2024\/04\/logo3.jpg","contentUrl":"https:\/\/sabado100.com.ar\/es-ar\/wp-content\/uploads\/2024\/04\/logo3.jpg","width":300,"height":174,"caption":"Sabado 100"},"image":{"@id":"https:\/\/sabado100.com.ar\/es-ar\/#\/schema\/logo\/image\/"},"sameAs":["https:\/\/www.facebook.com\/sabadocien\/","https:\/\/www.instagram.com\/sabado100.com.ar\/","https:\/\/www.youtube.com\/@sabado1003"]},{"@type":"Person","@id":"https:\/\/sabado100.com.ar\/es-ar\/#\/schema\/person\/58e38b918ef4e44b11398f25d4684c6d","name":"sabado cien","image":{"@type":"ImageObject","inLanguage":"es","@id":"https:\/\/sabado100.com.ar\/es-ar\/#\/schema\/person\/image\/","url":"https:\/\/sabado100.com.ar\/es-ar\/wp-content\/litespeed\/avatar\/484bccfbd493fbb703b0f1b8113dad61.jpg?ver=1787731622","contentUrl":"https:\/\/sabado100.com.ar\/es-ar\/wp-content\/litespeed\/avatar\/484bccfbd493fbb703b0f1b8113dad61.jpg?ver=1787731622","caption":"sabado cien"},"url":"https:\/\/sabado100.com.ar\/es-ar\/author\/sabado100\/"}]}},"_links":{"self":[{"href":"https:\/\/sabado100.com.ar\/es-ar\/wp-json\/wp\/v2\/posts\/3470","targetHints":{"allow":["GET"]}}],"collection":[{"href":"https:\/\/sabado100.com.ar\/es-ar\/wp-json\/wp\/v2\/posts"}],"about":[{"href":"https:\/\/sabado100.com.ar\/es-ar\/wp-json\/wp\/v2\/types\/post"}],"author":[{"embeddable":true,"href":"https:\/\/sabado100.com.ar\/es-ar\/wp-json\/wp\/v2\/users\/2"}],"replies":[{"embeddable":true,"href":"https:\/\/sabado100.com.ar\/es-ar\/wp-json\/wp\/v2\/comments?post=3470"}],"version-history":[{"count":0,"href":"https:\/\/sabado100.com.ar\/es-ar\/wp-json\/wp\/v2\/posts\/3470\/revisions"}],"wp:attachment":[{"href":"https:\/\/sabado100.com.ar\/es-ar\/wp-json\/wp\/v2\/media?parent=3470"}],"wp:term":[{"taxonomy":"category","embeddable":true,"href":"https:\/\/sabado100.com.ar\/es-ar\/wp-json\/wp\/v2\/categories?post=3470"},{"taxonomy":"post_tag","embeddable":true,"href":"https:\/\/sabado100.com.ar\/es-ar\/wp-json\/wp\/v2\/tags?post=3470"}],"curies":[{"name":"wp","href":"https:\/\/api.w.org\/{rel}","templated":true}]}}