{"id":3452,"date":"2013-10-28T20:58:56","date_gmt":"2013-10-28T18:58:56","guid":{"rendered":"https:\/\/www.sabado100.com.ar\/?p=3452"},"modified":"2013-10-28T20:58:56","modified_gmt":"2013-10-28T18:58:56","slug":"elecciones-2013-un-ciclo-politico-que-se-cierra","status":"publish","type":"post","link":"https:\/\/sabado100.com.ar\/es-ar\/elecciones-2013-un-ciclo-politico-que-se-cierra\/","title":{"rendered":"Elecciones 2013: un ciclo pol\u00edtico que se cierra"},"content":{"rendered":"<p>Por\u00a0<a itemprop=\"url\" title=\"\n            Ver todas las notas de Joaqu\u00edn Morales Sol\u00e1\" href=\"http:\/\/www.lanacion.com.ar\/autor\/joaquin-morales-sola-51\" rel=\"author,up\">Joaqu\u00edn Morales Sol\u00e1<\/a>.-<b itemprop=\"name\">\u00a0<\/b>Los argentinos decidieron ayer cerrar el ciclo pol\u00edtico kirchnerista.\u00a0<a href=\"http:\/\/www.lanacion.com.ar\/elecciones-2013-t48743\" target=\"_blank\" rel=\"noopener noreferrer\">La amplia derrota del oficialismo fue tan espectacular como la victoria de\u00a0<\/a><a title=\"Ver todas las notas de Cristina Kirchner\" href=\"http:\/\/www.lanacion.com.ar\/cristina-kirchner-t988\">Cristina Kirchner\u00a0<\/a>hace dos a\u00f1os. El error de haber convertido aquellos votos de 2011 en herramientas para consumar caprichos personales explican en gran medida la actual hemorragia electoral. Ni siquiera la enfermedad de la Presidenta, que empuj\u00f3 hacia arriba sus \u00edndices de imagen positiva, sirvi\u00f3 para mejorar la pobre elecci\u00f3n del Gobierno en las primarias de octubre. Al rev\u00e9s, la oposici\u00f3n gan\u00f3 ayer por m\u00e1rgenes m\u00e1s amplios en distritos cruciales,\u00a0<a href=\"http:\/\/www.lanacion.com.ar\/1633064-elecciones-2013-gano-gabriela-michetti-con-el-38-mientras-pino-solanas-y-daniel-filmus-pelea\" target=\"_blank\" rel=\"noopener noreferrer\">como la provincia de Buenos Aires, la Capital, C\u00f3rdoba y Santa Fe.<\/a><\/p>\n<p>Una forma de gobernar, signada por el autoritarismo y la pertinaz insistencia en los fracasos, fatig\u00f3 a una clara mayor\u00eda social. No fue s\u00f3lo la pol\u00edtica de ruinas de\u00a0<a title=\"Ver todas las notas de Guillermo Moreno\" href=\"http:\/\/www.lanacion.com.ar\/guillermo-moreno-t1050\">Guillermo Moreno<\/a>\u00a0lo que espole\u00f3 la derrota.<\/p>\n<p>Tambi\u00e9n influy\u00f3, y mucho, el estilo pendenciero y d\u00e9spota del funcionario.<\/p>\n<p>No fue s\u00f3lo la inexplicable presencia en el escenario cristinista de Luis D&#8217;El\u00eda; fue tambi\u00e9n el hecho de que el Gobierno nunca se distanciara de su discurso agresivo y antisemita. No fue s\u00f3lo la arrogancia de\u00a0<a title=\"Ver todas las notas de Juan Cabandi\u00e9\" href=\"http:\/\/www.lanacion.com.ar\/juan-cabandie-t46893\">Juan Cabandi\u00e9<\/a>\u00a0frente a una humilde empleada de Lomas de Zamora, sino tambi\u00e9n la saga arrogante y provocadora de La C\u00e1mpora, el reservorio de los j\u00f3venes cristinistas.<\/p>\n<p>Esos nombres no fueron elegidos al azar. Todos ellos convocan el rechazo un\u00e1nime de los intendentes de Buenos Aires, sean massistas, kirchneristas o neutrales. En todos los casos, se trata de antojos presidenciales que carecen de explicaci\u00f3n pol\u00edtica. Sin embargo, fueron la obstinaci\u00f3n en continuar con los zafarranchos de la pol\u00edtica econ\u00f3mica y la ceguera frente al flagelo de la inseguridad las razones m\u00e1s objetivas de tanta decepci\u00f3n social.<\/p>\n<p>Todo lo dem\u00e1s, la soberbia, el dogmatismo y la confrontaci\u00f3n como sistema no s\u00f3lo pol\u00edtico, sino de vida, emergieron como prioridades cuando se agravaron el conflicto econ\u00f3mico y el auge del crimen.<\/p>\n<p>La reacci\u00f3n del Gobierno en la tarde de ayer fue la de un boxeador aturdido por los golpes. Como en los tiempos de los sovi\u00e9ticos, los pocos funcionarios que hablaron despu\u00e9s de conocida la derrota se mantuvieron, estrictos, dentro de un discurso previamente escrito.<\/p>\n<p>La primera reflexi\u00f3n hac\u00eda referencia a que el Frente para la Victoria fue el partido m\u00e1s votado. \u00bfQu\u00e9 importancia tiene ese pergamino cuando el partido fue aplastado por los votos de la oposici\u00f3n?<\/p>\n<p>La segunda consideraci\u00f3n que hac\u00edan consist\u00eda en aclarar que el oficialismo conservar\u00e1 la mayor\u00eda en las dos c\u00e1maras del Congreso. Es probable que el dato sea cierto desde la as\u00e9ptica matem\u00e1tica parlamentaria. Pero \u00bftodos los legisladores oficialistas seguir\u00e1n aferrados a un gobierno perdidoso, que carece, por ahora, de cualquier posibilidad de continuidad m\u00e1s all\u00e1 de 2015? \u00bfMuchos kirchneristas de ocasi\u00f3n no dar\u00edan el salto, acaso, hacia el bando ganador m\u00e1s pronto que tarde?<\/p>\n<h2>SCIOLI, PERJUDICADO<\/h2>\n<p>Hasta un kirchnerista diferente y desconfiado por los kirchneristas, como Daniel Scioli, qued\u00f3 ayer embadurnado por la derrota. El gobernador, due\u00f1o de una paciencia sobrehumana, debi\u00f3 defender listas de candidatos provinciales y nacionales de su provincia en las que \u00e9l no ten\u00eda ning\u00fan candidato. Todos los lugares hab\u00edan sido arrebatados por kirchneristas puros y duros. El discurso que el sciolismo ha deslizado le traslada a Mart\u00edn Insaurralde la categor\u00eda de candidato. Esto es: no fue Scioli el candidato, sino Insaurralde. Fue as\u00ed, pero Insaurralde no hubiera sido nadie sin Cristina Kirchner y sin Scioli. Scioli no est\u00e1 muerto como pol\u00edtico, pero el ascenso hacia una eventual candidatura presidencial ser\u00e1 desde ayer m\u00e1s escarpado de lo que preve\u00eda.<\/p>\n<p>El oficialismo seccion\u00f3 la elecci\u00f3n desde el segundo lugar hacia abajo (a veces, desde el tercero) con el argumento de que hab\u00eda sacado m\u00e1s votos que en agosto. No dec\u00eda que sus opositores m\u00e1s importantes, los que estaban en el primer lugar de las preferencias sociales, tambi\u00e9n hab\u00edan conseguido m\u00e1s votos que hace tres meses.<\/p>\n<p>Hay que separar la realidad de las palabras. La imagen de la derrota oficial podr\u00eda sintetizarse en s\u00f3lo dos resultados: el kirchnerismo fue vapuleado en las urnas bonaerenses por Sergio Massa y perdi\u00f3 los dos senadores que ten\u00eda en la Capital Federal. Hubo muchos m\u00e1s fracasos. \u00bfC\u00f3mo ignorar, por ejemplo, la derrota en gran parte de la Patagonia otrora kirchnerista? \u00bfC\u00f3mo, cuando la oposici\u00f3n radical gan\u00f3 hasta en Santa Cruz, la cuna y el sanctasanct\u00f3rum del kirchnerismo? No obstante, aquellos resultados en el distrito electoral m\u00e1s grande de la Argentina y en la vidriera pol\u00edtica del pa\u00eds, la Capital, representan el espejo m\u00e1s fiel del castigo electoral al clan gobernante.<\/p>\n<p>Es rara una pol\u00edtica que engendra las alternativas opositoras desde los que fueron oficialistas. La verdad es \u00e9sa: Massa, el antiguo integrante de los j\u00f3venes cristinistas de 2007, se convirti\u00f3 ayer en el m\u00e1s deslumbrante candidato presidencial como opositor al cristinismo. Su aplastante triunfo en el distrito que alberga al 38% de los electores nacionales lo elev\u00f3 de simple alcalde de un municipio mediano al primer lugar en la lista de los posibles pr\u00f3ximos presidentes argentinos. Deber\u00e1 encontrar una f\u00f3rmula para mantener el fuego de su expectativa presidencial durante un a\u00f1o, por lo menos, hasta que comiencen las negociaciones previas a las pr\u00f3ximas primarias.<\/p>\n<p>Tal vez por eso, Mauricio Macri se apur\u00f3 anoche en lanzar su candidatura presidencial. El jefe de gobierno porte\u00f1o ratific\u00f3 su liderazgo pol\u00edtico en la Capital, y su fuerza, Pro, descubri\u00f3 el camino de la continuidad de Macri en el distrito con la excelente elecci\u00f3n de Gabriela Michetti. El macrismo se afianz\u00f3 tambi\u00e9n como fuerza nacional con Miguel Del Sel en Santa Fe, donde sali\u00f3 segundo, y con Alfredo De Angeli, en Entre R\u00edos. De Angeli ser\u00e1 senador y Del Sel ser\u00e1 diputado. Tambi\u00e9n el ex \u00e1rbitro H\u00e9ctor Baldassi, recientemente adoptado por el macrismo, empat\u00f3 virtualmente en C\u00f3rdoba el tercer lugar con la candidata kirchnerista, Carolina Scotto. Macri puede decir que una estructura pol\u00edtica propia empieza a tener rasgos nacionales.<\/p>\n<h2>LA SUCESI\u00d3N<\/h2>\n<p>Hermes Binner gan\u00f3 ampliamente en su provincia, Santa Fe, uno de los cuatro grandes distritos del pa\u00eds. Santa Fe es gobernada por una coalici\u00f3n socialista-radical, de la que Binner es su dirigente m\u00e1s importante. Julio Cobos arras\u00f3 en Mendoza y el tambi\u00e9n radical Oscar Aguad se le acerc\u00f3 peligrosamente en C\u00f3rdoba a Juan Schiaretti, el candidato del gobernador Jos\u00e9 Manuel de la Sota. De la Sota esperaba una mejor elecci\u00f3n para su partido.<\/p>\n<p>Entre esos dirigentes se esconde la sucesi\u00f3n al actual oficialismo. El kirchnerismo empez\u00f3 anoche su etapa final de dos a\u00f1os cuando est\u00e1 enferma su \u00fanica referente cre\u00edble. Los verdaderos problemas de salud de la Presidenta, adem\u00e1s, son explicados por los m\u00e9dicos con indescifrables jerogl\u00edficos. El conflicto de la enfermedad coincide dram\u00e1ticamente con la devastaci\u00f3n pol\u00edtica.<\/p>\n<p>Fuente: diario La Naci\u00f3n, Buenos Aires, 28 de octubre de 2013.<\/p>\n","protected":false},"excerpt":{"rendered":"<p>Por\u00a0Joaqu\u00edn Morales Sol\u00e1.-\u00a0Los argentinos decidieron ayer cerrar el ciclo pol\u00edtico kirchnerista.\u00a0La amplia derrota del oficialismo fue tan espectacular como la [&hellip;]<\/p>\n","protected":false},"author":2,"featured_media":0,"comment_status":"open","ping_status":"closed","sticky":false,"template":"","format":"standard","meta":{"site-sidebar-layout":"default","site-content-layout":"","ast-site-content-layout":"default","site-content-style":"default","site-sidebar-style":"default","ast-global-header-display":"","ast-banner-title-visibility":"","ast-main-header-display":"","ast-hfb-above-header-display":"","ast-hfb-below-header-display":"","ast-hfb-mobile-header-display":"","site-post-title":"","ast-breadcrumbs-content":"","ast-featured-img":"","footer-sml-layout":"","ast-disable-related-posts":"","theme-transparent-header-meta":"","adv-header-id-meta":"","stick-header-meta":"","header-above-stick-meta":"","header-main-stick-meta":"","header-below-stick-meta":"","astra-migrate-meta-layouts":"default","ast-page-background-enabled":"default","ast-page-background-meta":{"desktop":{"background-color":"var(--ast-global-color-4)","background-image":"","background-repeat":"repeat","background-position":"center center","background-size":"auto","background-attachment":"scroll","background-type":"","background-media":"","overlay-type":"","overlay-color":"","overlay-opacity":"","overlay-gradient":""},"tablet":{"background-color":"","background-image":"","background-repeat":"repeat","background-position":"center center","background-size":"auto","background-attachment":"scroll","background-type":"","background-media":"","overlay-type":"","overlay-color":"","overlay-opacity":"","overlay-gradient":""},"mobile":{"background-color":"","background-image":"","background-repeat":"repeat","background-position":"center center","background-size":"auto","background-attachment":"scroll","background-type":"","background-media":"","overlay-type":"","overlay-color":"","overlay-opacity":"","overlay-gradient":""}},"ast-content-background-meta":{"desktop":{"background-color":"var(--ast-global-color-5)","background-image":"","background-repeat":"repeat","background-position":"center center","background-size":"auto","background-attachment":"scroll","background-type":"","background-media":"","overlay-type":"","overlay-color":"","overlay-opacity":"","overlay-gradient":""},"tablet":{"background-color":"var(--ast-global-color-5)","background-image":"","background-repeat":"repeat","background-position":"center center","background-size":"auto","background-attachment":"scroll","background-type":"","background-media":"","overlay-type":"","overlay-color":"","overlay-opacity":"","overlay-gradient":""},"mobile":{"background-color":"var(--ast-global-color-5)","background-image":"","background-repeat":"repeat","background-position":"center center","background-size":"auto","background-attachment":"scroll","background-type":"","background-media":"","overlay-type":"","overlay-color":"","overlay-opacity":"","overlay-gradient":""}},"footnotes":""},"categories":[5],"tags":[5162],"class_list":["post-3452","post","type-post","status-publish","format-standard","hentry","category-politica","tag-elecciones-2013-ciclo-politico-que-se-cierra"],"yoast_head":"<!-- This site is optimized with the Yoast SEO plugin v23.2 - https:\/\/yoast.com\/wordpress\/plugins\/seo\/ -->\n<title>Elecciones 2013: un ciclo pol\u00edtico que se cierra - Sabado 100<\/title>\n<meta name=\"robots\" content=\"index, follow, max-snippet:-1, max-image-preview:large, max-video-preview:-1\" \/>\n<link rel=\"canonical\" href=\"https:\/\/sabado100.com.ar\/es-ar\/elecciones-2013-un-ciclo-politico-que-se-cierra\/\" \/>\n<meta property=\"og:locale\" content=\"es_ES\" \/>\n<meta property=\"og:type\" content=\"article\" \/>\n<meta property=\"og:title\" content=\"Elecciones 2013: un ciclo pol\u00edtico que se cierra - Sabado 100\" \/>\n<meta property=\"og:description\" content=\"Por\u00a0Joaqu\u00edn Morales Sol\u00e1.-\u00a0Los argentinos decidieron ayer cerrar el ciclo pol\u00edtico kirchnerista.\u00a0La amplia derrota del oficialismo fue tan espectacular como la [&hellip;]\" \/>\n<meta property=\"og:url\" content=\"https:\/\/sabado100.com.ar\/es-ar\/elecciones-2013-un-ciclo-politico-que-se-cierra\/\" \/>\n<meta property=\"og:site_name\" content=\"Sabado 100\" \/>\n<meta property=\"article:publisher\" content=\"https:\/\/www.facebook.com\/sabadocien\/\" \/>\n<meta property=\"article:published_time\" content=\"2013-10-28T18:58:56+00:00\" \/>\n<meta name=\"author\" content=\"sabado cien\" \/>\n<meta name=\"twitter:card\" content=\"summary_large_image\" \/>\n<meta name=\"twitter:label1\" content=\"Escrito por\" \/>\n\t<meta name=\"twitter:data1\" content=\"sabado cien\" \/>\n\t<meta name=\"twitter:label2\" content=\"Tiempo de lectura\" \/>\n\t<meta name=\"twitter:data2\" content=\"6 minutos\" \/>\n<script type=\"application\/ld+json\" class=\"yoast-schema-graph\">{\"@context\":\"https:\/\/schema.org\",\"@graph\":[{\"@type\":\"Article\",\"@id\":\"https:\/\/sabado100.com.ar\/es-ar\/elecciones-2013-un-ciclo-politico-que-se-cierra\/#article\",\"isPartOf\":{\"@id\":\"https:\/\/sabado100.com.ar\/es-ar\/elecciones-2013-un-ciclo-politico-que-se-cierra\/\"},\"author\":{\"name\":\"sabado cien\",\"@id\":\"https:\/\/sabado100.com.ar\/es-ar\/#\/schema\/person\/58e38b918ef4e44b11398f25d4684c6d\"},\"headline\":\"Elecciones 2013: un ciclo pol\u00edtico que se cierra\",\"datePublished\":\"2013-10-28T18:58:56+00:00\",\"dateModified\":\"2013-10-28T18:58:56+00:00\",\"mainEntityOfPage\":{\"@id\":\"https:\/\/sabado100.com.ar\/es-ar\/elecciones-2013-un-ciclo-politico-que-se-cierra\/\"},\"wordCount\":1235,\"commentCount\":0,\"publisher\":{\"@id\":\"https:\/\/sabado100.com.ar\/es-ar\/#organization\"},\"keywords\":[\"Elecciones 2013: ciclo pol\u00edtico que se cierra\"],\"articleSection\":[\"Pol\u00edtica\"],\"inLanguage\":\"es\",\"potentialAction\":[{\"@type\":\"CommentAction\",\"name\":\"Comment\",\"target\":[\"https:\/\/sabado100.com.ar\/es-ar\/elecciones-2013-un-ciclo-politico-que-se-cierra\/#respond\"]}]},{\"@type\":\"WebPage\",\"@id\":\"https:\/\/sabado100.com.ar\/es-ar\/elecciones-2013-un-ciclo-politico-que-se-cierra\/\",\"url\":\"https:\/\/sabado100.com.ar\/es-ar\/elecciones-2013-un-ciclo-politico-que-se-cierra\/\",\"name\":\"Elecciones 2013: un ciclo pol\u00edtico que se cierra - Sabado 100\",\"isPartOf\":{\"@id\":\"https:\/\/sabado100.com.ar\/es-ar\/#website\"},\"datePublished\":\"2013-10-28T18:58:56+00:00\",\"dateModified\":\"2013-10-28T18:58:56+00:00\",\"breadcrumb\":{\"@id\":\"https:\/\/sabado100.com.ar\/es-ar\/elecciones-2013-un-ciclo-politico-que-se-cierra\/#breadcrumb\"},\"inLanguage\":\"es\",\"potentialAction\":[{\"@type\":\"ReadAction\",\"target\":[\"https:\/\/sabado100.com.ar\/es-ar\/elecciones-2013-un-ciclo-politico-que-se-cierra\/\"]}]},{\"@type\":\"BreadcrumbList\",\"@id\":\"https:\/\/sabado100.com.ar\/es-ar\/elecciones-2013-un-ciclo-politico-que-se-cierra\/#breadcrumb\",\"itemListElement\":[{\"@type\":\"ListItem\",\"position\":1,\"name\":\"Portada\",\"item\":\"https:\/\/sabado100.com.ar\/es-ar\/\"},{\"@type\":\"ListItem\",\"position\":2,\"name\":\"Elecciones 2013: un ciclo pol\u00edtico que se cierra\"}]},{\"@type\":\"WebSite\",\"@id\":\"https:\/\/sabado100.com.ar\/es-ar\/#website\",\"url\":\"https:\/\/sabado100.com.ar\/es-ar\/\",\"name\":\"Sabado 100\",\"description\":\"\",\"publisher\":{\"@id\":\"https:\/\/sabado100.com.ar\/es-ar\/#organization\"},\"potentialAction\":[{\"@type\":\"SearchAction\",\"target\":{\"@type\":\"EntryPoint\",\"urlTemplate\":\"https:\/\/sabado100.com.ar\/es-ar\/?s={search_term_string}\"},\"query-input\":\"required name=search_term_string\"}],\"inLanguage\":\"es\"},{\"@type\":\"Organization\",\"@id\":\"https:\/\/sabado100.com.ar\/es-ar\/#organization\",\"name\":\"Sabado 100\",\"url\":\"https:\/\/sabado100.com.ar\/es-ar\/\",\"logo\":{\"@type\":\"ImageObject\",\"inLanguage\":\"es\",\"@id\":\"https:\/\/sabado100.com.ar\/es-ar\/#\/schema\/logo\/image\/\",\"url\":\"https:\/\/sabado100.com.ar\/es-ar\/wp-content\/uploads\/2024\/04\/logo3.jpg\",\"contentUrl\":\"https:\/\/sabado100.com.ar\/es-ar\/wp-content\/uploads\/2024\/04\/logo3.jpg\",\"width\":300,\"height\":174,\"caption\":\"Sabado 100\"},\"image\":{\"@id\":\"https:\/\/sabado100.com.ar\/es-ar\/#\/schema\/logo\/image\/\"},\"sameAs\":[\"https:\/\/www.facebook.com\/sabadocien\/\",\"https:\/\/www.instagram.com\/sabado100.com.ar\/\",\"https:\/\/www.youtube.com\/@sabado1003\"]},{\"@type\":\"Person\",\"@id\":\"https:\/\/sabado100.com.ar\/es-ar\/#\/schema\/person\/58e38b918ef4e44b11398f25d4684c6d\",\"name\":\"sabado cien\",\"image\":{\"@type\":\"ImageObject\",\"inLanguage\":\"es\",\"@id\":\"https:\/\/sabado100.com.ar\/es-ar\/#\/schema\/person\/image\/\",\"url\":\"https:\/\/sabado100.com.ar\/es-ar\/wp-content\/litespeed\/avatar\/484bccfbd493fbb703b0f1b8113dad61.jpg?ver=1788336601\",\"contentUrl\":\"https:\/\/sabado100.com.ar\/es-ar\/wp-content\/litespeed\/avatar\/484bccfbd493fbb703b0f1b8113dad61.jpg?ver=1788336601\",\"caption\":\"sabado cien\"},\"url\":\"https:\/\/sabado100.com.ar\/es-ar\/author\/sabado100\/\"}]}<\/script>\n<!-- \/ Yoast SEO plugin. -->","yoast_head_json":{"title":"Elecciones 2013: un ciclo pol\u00edtico que se cierra - Sabado 100","robots":{"index":"index","follow":"follow","max-snippet":"max-snippet:-1","max-image-preview":"max-image-preview:large","max-video-preview":"max-video-preview:-1"},"canonical":"https:\/\/sabado100.com.ar\/es-ar\/elecciones-2013-un-ciclo-politico-que-se-cierra\/","og_locale":"es_ES","og_type":"article","og_title":"Elecciones 2013: un ciclo pol\u00edtico que se cierra - Sabado 100","og_description":"Por\u00a0Joaqu\u00edn Morales Sol\u00e1.-\u00a0Los argentinos decidieron ayer cerrar el ciclo pol\u00edtico kirchnerista.\u00a0La amplia derrota del oficialismo fue tan espectacular como la [&hellip;]","og_url":"https:\/\/sabado100.com.ar\/es-ar\/elecciones-2013-un-ciclo-politico-que-se-cierra\/","og_site_name":"Sabado 100","article_publisher":"https:\/\/www.facebook.com\/sabadocien\/","article_published_time":"2013-10-28T18:58:56+00:00","author":"sabado cien","twitter_card":"summary_large_image","twitter_misc":{"Escrito por":"sabado cien","Tiempo de lectura":"6 minutos"},"schema":{"@context":"https:\/\/schema.org","@graph":[{"@type":"Article","@id":"https:\/\/sabado100.com.ar\/es-ar\/elecciones-2013-un-ciclo-politico-que-se-cierra\/#article","isPartOf":{"@id":"https:\/\/sabado100.com.ar\/es-ar\/elecciones-2013-un-ciclo-politico-que-se-cierra\/"},"author":{"name":"sabado cien","@id":"https:\/\/sabado100.com.ar\/es-ar\/#\/schema\/person\/58e38b918ef4e44b11398f25d4684c6d"},"headline":"Elecciones 2013: un ciclo pol\u00edtico que se cierra","datePublished":"2013-10-28T18:58:56+00:00","dateModified":"2013-10-28T18:58:56+00:00","mainEntityOfPage":{"@id":"https:\/\/sabado100.com.ar\/es-ar\/elecciones-2013-un-ciclo-politico-que-se-cierra\/"},"wordCount":1235,"commentCount":0,"publisher":{"@id":"https:\/\/sabado100.com.ar\/es-ar\/#organization"},"keywords":["Elecciones 2013: ciclo pol\u00edtico que se cierra"],"articleSection":["Pol\u00edtica"],"inLanguage":"es","potentialAction":[{"@type":"CommentAction","name":"Comment","target":["https:\/\/sabado100.com.ar\/es-ar\/elecciones-2013-un-ciclo-politico-que-se-cierra\/#respond"]}]},{"@type":"WebPage","@id":"https:\/\/sabado100.com.ar\/es-ar\/elecciones-2013-un-ciclo-politico-que-se-cierra\/","url":"https:\/\/sabado100.com.ar\/es-ar\/elecciones-2013-un-ciclo-politico-que-se-cierra\/","name":"Elecciones 2013: un ciclo pol\u00edtico que se cierra - Sabado 100","isPartOf":{"@id":"https:\/\/sabado100.com.ar\/es-ar\/#website"},"datePublished":"2013-10-28T18:58:56+00:00","dateModified":"2013-10-28T18:58:56+00:00","breadcrumb":{"@id":"https:\/\/sabado100.com.ar\/es-ar\/elecciones-2013-un-ciclo-politico-que-se-cierra\/#breadcrumb"},"inLanguage":"es","potentialAction":[{"@type":"ReadAction","target":["https:\/\/sabado100.com.ar\/es-ar\/elecciones-2013-un-ciclo-politico-que-se-cierra\/"]}]},{"@type":"BreadcrumbList","@id":"https:\/\/sabado100.com.ar\/es-ar\/elecciones-2013-un-ciclo-politico-que-se-cierra\/#breadcrumb","itemListElement":[{"@type":"ListItem","position":1,"name":"Portada","item":"https:\/\/sabado100.com.ar\/es-ar\/"},{"@type":"ListItem","position":2,"name":"Elecciones 2013: un ciclo pol\u00edtico que se cierra"}]},{"@type":"WebSite","@id":"https:\/\/sabado100.com.ar\/es-ar\/#website","url":"https:\/\/sabado100.com.ar\/es-ar\/","name":"Sabado 100","description":"","publisher":{"@id":"https:\/\/sabado100.com.ar\/es-ar\/#organization"},"potentialAction":[{"@type":"SearchAction","target":{"@type":"EntryPoint","urlTemplate":"https:\/\/sabado100.com.ar\/es-ar\/?s={search_term_string}"},"query-input":"required name=search_term_string"}],"inLanguage":"es"},{"@type":"Organization","@id":"https:\/\/sabado100.com.ar\/es-ar\/#organization","name":"Sabado 100","url":"https:\/\/sabado100.com.ar\/es-ar\/","logo":{"@type":"ImageObject","inLanguage":"es","@id":"https:\/\/sabado100.com.ar\/es-ar\/#\/schema\/logo\/image\/","url":"https:\/\/sabado100.com.ar\/es-ar\/wp-content\/uploads\/2024\/04\/logo3.jpg","contentUrl":"https:\/\/sabado100.com.ar\/es-ar\/wp-content\/uploads\/2024\/04\/logo3.jpg","width":300,"height":174,"caption":"Sabado 100"},"image":{"@id":"https:\/\/sabado100.com.ar\/es-ar\/#\/schema\/logo\/image\/"},"sameAs":["https:\/\/www.facebook.com\/sabadocien\/","https:\/\/www.instagram.com\/sabado100.com.ar\/","https:\/\/www.youtube.com\/@sabado1003"]},{"@type":"Person","@id":"https:\/\/sabado100.com.ar\/es-ar\/#\/schema\/person\/58e38b918ef4e44b11398f25d4684c6d","name":"sabado cien","image":{"@type":"ImageObject","inLanguage":"es","@id":"https:\/\/sabado100.com.ar\/es-ar\/#\/schema\/person\/image\/","url":"https:\/\/sabado100.com.ar\/es-ar\/wp-content\/litespeed\/avatar\/484bccfbd493fbb703b0f1b8113dad61.jpg?ver=1788336601","contentUrl":"https:\/\/sabado100.com.ar\/es-ar\/wp-content\/litespeed\/avatar\/484bccfbd493fbb703b0f1b8113dad61.jpg?ver=1788336601","caption":"sabado cien"},"url":"https:\/\/sabado100.com.ar\/es-ar\/author\/sabado100\/"}]}},"_links":{"self":[{"href":"https:\/\/sabado100.com.ar\/es-ar\/wp-json\/wp\/v2\/posts\/3452","targetHints":{"allow":["GET"]}}],"collection":[{"href":"https:\/\/sabado100.com.ar\/es-ar\/wp-json\/wp\/v2\/posts"}],"about":[{"href":"https:\/\/sabado100.com.ar\/es-ar\/wp-json\/wp\/v2\/types\/post"}],"author":[{"embeddable":true,"href":"https:\/\/sabado100.com.ar\/es-ar\/wp-json\/wp\/v2\/users\/2"}],"replies":[{"embeddable":true,"href":"https:\/\/sabado100.com.ar\/es-ar\/wp-json\/wp\/v2\/comments?post=3452"}],"version-history":[{"count":0,"href":"https:\/\/sabado100.com.ar\/es-ar\/wp-json\/wp\/v2\/posts\/3452\/revisions"}],"wp:attachment":[{"href":"https:\/\/sabado100.com.ar\/es-ar\/wp-json\/wp\/v2\/media?parent=3452"}],"wp:term":[{"taxonomy":"category","embeddable":true,"href":"https:\/\/sabado100.com.ar\/es-ar\/wp-json\/wp\/v2\/categories?post=3452"},{"taxonomy":"post_tag","embeddable":true,"href":"https:\/\/sabado100.com.ar\/es-ar\/wp-json\/wp\/v2\/tags?post=3452"}],"curies":[{"name":"wp","href":"https:\/\/api.w.org\/{rel}","templated":true}]}}