{"id":3400,"date":"2013-09-27T21:38:11","date_gmt":"2013-09-27T19:38:11","guid":{"rendered":"https:\/\/www.sabado100.com.ar\/?p=3400"},"modified":"2013-09-27T21:38:11","modified_gmt":"2013-09-27T19:38:11","slug":"conferencia-politica-y-medios-de-comunicacion","status":"publish","type":"post","link":"https:\/\/sabado100.com.ar\/es-ar\/conferencia-politica-y-medios-de-comunicacion\/","title":{"rendered":"Conferencia: pol\u00edtica y medios de comunicaci\u00f3n"},"content":{"rendered":"<p>Libertad de expresi\u00f3n, acceso a la informaci\u00f3n e independencia de los medios fueron algunos ejes de la conferencia organizada recientemente por la revista\u00a0<em>Criterio<\/em>\u00a0y la Fundaci\u00f3n Adenauer en el Monasterio Santa Catalina de Siena.<\/p>\n<p>Pablo Sirv\u00e9n, secretario de redacci\u00f3n de\u00a0<em>La Naci\u00f3n<\/em>; Fernando Ruiz, vicedecano de la Facultad de Comunicaci\u00f3n de la Universidad Austral; y Vincent Kokert, diputado alem\u00e1n por la Uni\u00f3n Dem\u00f3crata Cristiana y vocero del partido en pol\u00edticas de medios conformaron la mesa de una nueva edici\u00f3n de las conferencias que organizan Criterio y Fundaci\u00f3n Adenauer en el Monasterio Santa Catalina de Siena. El tema fue la pol\u00edtica y los medios en la Argentina y tambi\u00e9n en Alemania, gracias a la presencia del legislador de ese pa\u00eds.<\/p>\n<p>Al describir el estado de situaci\u00f3n, Fernando Ruiz consider\u00f3 que estamos en una especie de guerra medi\u00e1tica: \u201cComo en toda guerra, la victoria no llega con el resultado final sino cuando el agresor consigue llevar al agredido a su misma condici\u00f3n. Ese es ya un triunfo, y una derrota desde el punto de vista de la calidad democr\u00e1tica\u201d. Si bien acept\u00f3 que los medios tienen influencia y poder, no son razones suficientes para demonizarlos en tanto formas de participaci\u00f3n \u201cc\u00edvica, activa, responsable\u201d y \u201cuna rama de la actividad pol\u00edtica en su sentido m\u00e1s genuino\u201d. \u201cLa calidad de opini\u00f3n es exigible al periodista, que debe tener una opini\u00f3n fundamentada. Pero, a veces, en las guerras medi\u00e1ticas, el periodismo se vuelve agraviante, por ejemplo, cuando algunos de notable nivel se refieren a la Presidenta como desequilibrada\u201d. Al describir lo que considera la \u201cdemocratizaci\u00f3n del agravio\u201d, utiliz\u00f3 la met\u00e1fora del espejo roto: en la supuesta defensa hay un agravio hacia el otro.<\/p>\n<p>Pablo Sirv\u00e9n afirm\u00f3 que en la Argentina hay libertad de expresi\u00f3n \u201csi uno se limita a escribir y decir lo que quiere. El problema es el contexto de hostigamiento, de difamaci\u00f3n, de escarnio y de sospecha respecto del periodismo en general y de algunos medios en particular\u201d. \u201cMe resulta asombroso e insultante cuando se compara la libertad de hoy con la que obviamente no hab\u00eda en la dictadura \u2013observ\u00f3\u2013. La democracia es producto de un sistema y no de un gobierno en particular\u201d.<\/p>\n<p>El secretario de redacci\u00f3n de\u00a0<em>La Naci\u00f3n<\/em>\u00a0cuestion\u00f3 el manejo de la pauta oficial y la utilizaci\u00f3n del f\u00fatbol para filtrar publicidad y atacar a eventuales adversarios, adem\u00e1s de las causas judiciales como el pedido de ADN a los hijos de Ernestina Noble o la propiedad de Papel Prensa: \u201cHay una demonizaci\u00f3n obsesiva y por momentos racista del periodismo en torno a Magnetto y el uso abusivo de los medios p\u00fablicos como canal 7 o canales con una fachada privada pero con connivencia con este tipo de contexto\u201d. Al retomar la noci\u00f3n de conflicto, afirm\u00f3 que percibe \u201cuna guerra que es rentable para el poder pol\u00edtico, con un enemigo que no se presenta a elecciones, pero que le quita energ\u00eda a los temas que son realmente importantes. Es parte de la din\u00e1mica del peronismo encontrar en la confrontaci\u00f3n el combustible para mantenerse en el poder\u201d.<\/p>\n<p>\u201cEstoy escribiendo un libro en el que me ocupo de lo que Per\u00f3n dijo y escribi\u00f3 sobre los medios desde 1930 hasta su muerte en 1974. Per\u00f3n fue un experto en la gesti\u00f3n del conflicto. Ha sido un boxeador aficionado, un gran esgrimista y profesor de guerra\u201d, dijo Fernando Ruiz. Por eso consider\u00f3 que la relaci\u00f3n del Gobierno de Cristina Fern\u00e1ndez de Kirchner con la prensa es hist\u00f3rica en el peronismo. \u201cLos medios son un actor del conflicto pol\u00edtico \u2013dijo\u2013. Para Per\u00f3n no encarnaban valores republicanos sino que eran un instrumento a utilizar; la diferencia es que el Gobierno actual no tiene manejo de treguas y alianzas\u201d. Sirv\u00e9n, por su parte, al retomar el concepto de\u00a0<em>Converso<\/em>, t\u00edtulo de su \u00faltimo libro sobre el periodista V\u00edctor Hugo Morales, afirm\u00f3 que \u201cPer\u00f3n ha sido el m\u00e1s emblem\u00e1ticos de los conversos\u201d en una sociedad a la que tambi\u00e9n consider\u00f3 conversa.<\/p>\n<p>Al describir la situaci\u00f3n en Alemania, Vincent Kokert \u00a0afirm\u00f3 que la pol\u00edtica en su pa\u00eds mantiene una distancia prudencial respecto de los medios. Y si bien el Partido Socialdem\u00f3crata intent\u00f3 adquirir capital en el sector para ampliar su influencia, los periodistas de los propios medios no informaban positivamente sobre el partido. Y refiri\u00f3 los reclamos a la Oficina Antimonopolio en contra de los medios dominantes. \u201cNo voy a ocultar que las editoriales tienen problemas econ\u00f3micos, y que es importante para ellas que Siemens publique sus avisos en los diarios y por lo tanto es menos probable que informen sobre los balances de la empresa. A medida que disminuyen los lectores aumenta la influencia de ciertos intereses y grupos econ\u00f3micos\u201d, reconoci\u00f3. Luego consider\u00f3 como excepci\u00f3n el funcionamiento de la Radiofon\u00eda P\u00fablica en Alemania: por ley, cada familia aporta mensualmente 27 euros para su financiamiento. Adem\u00e1s cuentan con una Comisi\u00f3n integrada por representantes de distintos partidos y sectores de la sociedad, y Kokert la integr\u00f3 en el pasado: \u201cHay que esforzarse mucho para generar espectadores y rating, porque no siempre se emite lo que el p\u00fabico quiere ver o escuchar. Los periodistas son muy cr\u00edticos consigo mismos pero igualmente reciben muchas cr\u00edticas\u201d. En cuanto a los medios privados, consider\u00f3 que econ\u00f3micamente dejaron de ser independientes y que l\u00f3gicamente demandan ayuda, por lo tanto se est\u00e1n evaluando alternativas para colaborar con su financiaci\u00f3n. \u201cNo hay regulaci\u00f3n por parte del Gobierno alem\u00e1n pero s\u00ed discutimos mucho respecto de la calidad de los contenidos. Hace unos meses tuvimos una de las peores inundaciones en el pa\u00eds y Angela Merkel\u00a0 viaj\u00f3 a la zona para entregar 7 mil millones de euros de ayuda. Sin embargo el titular de la nota hablaba de los zapatos que us\u00f3 ese d\u00eda y en la segunda p\u00e1gina reci\u00e9n se informaba de la donaci\u00f3n. La pregunta es si tiene que ver con un mensaje pol\u00edtico; hay que discutirlo como sociedad y entre los propios periodistas tambi\u00e9n\u201d. Para Sirv\u00e9n, el mayor desaf\u00edo en cuanto a los contenidos tiene que ver con integrar lo importante con lo atractivo, y consider\u00f3 que esa capacidad es una de las virtudes que definen el programa de Jorge Lanata. \u201cLa repercusi\u00f3n de\u00a0<em>Periodismo para todos<\/em>\u00a0nos est\u00e1 indicando qu\u00e9 es lo que la sociedad est\u00e1 dispuesta a tolerar cuando le hablan de pol\u00edtica. Los programas pol\u00edticos se mudaron al cable y se han ido convirtiendo en programas empresariales o con auspicios directos de pol\u00edticos\u201d. Reconoci\u00f3 que hay ciertas frivolizaciones por parte de los periodistas, \u201cpero las antenas del p\u00fablico no est\u00e1n atentas a la tapa del diario. En esta \u00e9poca de impacto multimedial, la prensa debe ubicarse entre todos estos nuevos est\u00edmulos, adem\u00e1s de que estamos acostumbrados a vivir en una tragicomedia\u201d.<\/p>\n<p>\u201cEn los pa\u00edses escandinavos, si un Estado crea un canal p\u00fablico recibe todos los aplausos; en Am\u00e9rica latina, en general, ser\u00eda una p\u00e9sima noticia. Esto tiene que ver con la calidad de los Estados\u201d, ejemplific\u00f3 Ruiz. En este sentido, el vicedecano se\u00f1al\u00f3 que la degradaci\u00f3n de la calidad de la gesti\u00f3n estatal en la Argentina condiciona la capacidad de generar pol\u00edticas p\u00fablicas democr\u00e1ticas.<\/p>\n<p>Otro de los temas candentes en Alemania tiene que ver con los nuevos medios y las redes sociales, y se est\u00e1 evaluando si se necesitar\u00e1 una reglamentaci\u00f3n espec\u00edfica. \u201cSin estos nuevos medios hoy no se puede tener \u00e9xito en pol\u00edtica, pero hay que utilizarlos con mucha dosificaci\u00f3n\u201d, consider\u00f3 el diputado alem\u00e1n. Sirv\u00e9n tambi\u00e9n se refiri\u00f3 a las redes sociales: \u201cSi bien significan un cambio trascendental en la sociedad, porque antes monolog\u00e1bamos en soledad y ahora todos somos emisores de mensajes, se trata de un espejismo, porque no nos escuchamos\u201d. \u201cLas redes sociales significan la democratizaci\u00f3n de la voz p\u00fablica, pero crece tambi\u00e9n la confusi\u00f3n y gana importancia la referencia del periodista \u2013consider\u00f3 Ruiz\u2013, que tiene que ofrecer islas seguras y confiables a las que poder acercarnos para obtener informaci\u00f3n de calidad\u201d.<\/p>\n<p>Fuente: revista Criterio, Buenos Aires,\u00a0N\u00ba 2396 \u00bb SEPTIEMBRE 2013.<\/p>\n","protected":false},"excerpt":{"rendered":"<p>Libertad de expresi\u00f3n, acceso a la informaci\u00f3n e independencia de los medios fueron algunos ejes de la conferencia organizada recientemente [&hellip;]<\/p>\n","protected":false},"author":2,"featured_media":0,"comment_status":"open","ping_status":"closed","sticky":false,"template":"","format":"standard","meta":{"site-sidebar-layout":"default","site-content-layout":"","ast-site-content-layout":"default","site-content-style":"default","site-sidebar-style":"default","ast-global-header-display":"","ast-banner-title-visibility":"","ast-main-header-display":"","ast-hfb-above-header-display":"","ast-hfb-below-header-display":"","ast-hfb-mobile-header-display":"","site-post-title":"","ast-breadcrumbs-content":"","ast-featured-img":"","footer-sml-layout":"","ast-disable-related-posts":"","theme-transparent-header-meta":"","adv-header-id-meta":"","stick-header-meta":"","header-above-stick-meta":"","header-main-stick-meta":"","header-below-stick-meta":"","astra-migrate-meta-layouts":"default","ast-page-background-enabled":"default","ast-page-background-meta":{"desktop":{"background-color":"var(--ast-global-color-4)","background-image":"","background-repeat":"repeat","background-position":"center center","background-size":"auto","background-attachment":"scroll","background-type":"","background-media":"","overlay-type":"","overlay-color":"","overlay-opacity":"","overlay-gradient":""},"tablet":{"background-color":"","background-image":"","background-repeat":"repeat","background-position":"center center","background-size":"auto","background-attachment":"scroll","background-type":"","background-media":"","overlay-type":"","overlay-color":"","overlay-opacity":"","overlay-gradient":""},"mobile":{"background-color":"","background-image":"","background-repeat":"repeat","background-position":"center center","background-size":"auto","background-attachment":"scroll","background-type":"","background-media":"","overlay-type":"","overlay-color":"","overlay-opacity":"","overlay-gradient":""}},"ast-content-background-meta":{"desktop":{"background-color":"var(--ast-global-color-5)","background-image":"","background-repeat":"repeat","background-position":"center center","background-size":"auto","background-attachment":"scroll","background-type":"","background-media":"","overlay-type":"","overlay-color":"","overlay-opacity":"","overlay-gradient":""},"tablet":{"background-color":"var(--ast-global-color-5)","background-image":"","background-repeat":"repeat","background-position":"center center","background-size":"auto","background-attachment":"scroll","background-type":"","background-media":"","overlay-type":"","overlay-color":"","overlay-opacity":"","overlay-gradient":""},"mobile":{"background-color":"var(--ast-global-color-5)","background-image":"","background-repeat":"repeat","background-position":"center center","background-size":"auto","background-attachment":"scroll","background-type":"","background-media":"","overlay-type":"","overlay-color":"","overlay-opacity":"","overlay-gradient":""}},"footnotes":""},"categories":[4,5],"tags":[5143],"class_list":["post-3400","post","type-post","status-publish","format-standard","hentry","category-cultura-y-sociedad","category-politica","tag-politica-y-medios-de-comunicacion"],"yoast_head":"<!-- This site is optimized with the Yoast SEO plugin v23.2 - https:\/\/yoast.com\/wordpress\/plugins\/seo\/ -->\n<title>Conferencia: pol\u00edtica y medios de comunicaci\u00f3n - Sabado 100<\/title>\n<meta name=\"robots\" content=\"index, follow, max-snippet:-1, max-image-preview:large, max-video-preview:-1\" \/>\n<link rel=\"canonical\" href=\"https:\/\/sabado100.com.ar\/es-ar\/conferencia-politica-y-medios-de-comunicacion\/\" \/>\n<meta property=\"og:locale\" content=\"es_ES\" \/>\n<meta property=\"og:type\" content=\"article\" \/>\n<meta property=\"og:title\" content=\"Conferencia: pol\u00edtica y medios de comunicaci\u00f3n - Sabado 100\" \/>\n<meta property=\"og:description\" content=\"Libertad de expresi\u00f3n, acceso a la informaci\u00f3n e independencia de los medios fueron algunos ejes de la conferencia organizada recientemente [&hellip;]\" \/>\n<meta property=\"og:url\" content=\"https:\/\/sabado100.com.ar\/es-ar\/conferencia-politica-y-medios-de-comunicacion\/\" \/>\n<meta property=\"og:site_name\" content=\"Sabado 100\" \/>\n<meta property=\"article:publisher\" content=\"https:\/\/www.facebook.com\/sabadocien\/\" \/>\n<meta property=\"article:published_time\" content=\"2013-09-27T19:38:11+00:00\" \/>\n<meta name=\"author\" content=\"sabado cien\" \/>\n<meta name=\"twitter:card\" content=\"summary_large_image\" \/>\n<meta name=\"twitter:label1\" content=\"Escrito por\" \/>\n\t<meta name=\"twitter:data1\" content=\"sabado cien\" \/>\n\t<meta name=\"twitter:label2\" content=\"Tiempo de lectura\" \/>\n\t<meta name=\"twitter:data2\" content=\"7 minutos\" \/>\n<script type=\"application\/ld+json\" class=\"yoast-schema-graph\">{\"@context\":\"https:\/\/schema.org\",\"@graph\":[{\"@type\":\"Article\",\"@id\":\"https:\/\/sabado100.com.ar\/es-ar\/conferencia-politica-y-medios-de-comunicacion\/#article\",\"isPartOf\":{\"@id\":\"https:\/\/sabado100.com.ar\/es-ar\/conferencia-politica-y-medios-de-comunicacion\/\"},\"author\":{\"name\":\"sabado cien\",\"@id\":\"https:\/\/sabado100.com.ar\/es-ar\/#\/schema\/person\/58e38b918ef4e44b11398f25d4684c6d\"},\"headline\":\"Conferencia: pol\u00edtica y medios de comunicaci\u00f3n\",\"datePublished\":\"2013-09-27T19:38:11+00:00\",\"dateModified\":\"2013-09-27T19:38:11+00:00\",\"mainEntityOfPage\":{\"@id\":\"https:\/\/sabado100.com.ar\/es-ar\/conferencia-politica-y-medios-de-comunicacion\/\"},\"wordCount\":1435,\"commentCount\":0,\"publisher\":{\"@id\":\"https:\/\/sabado100.com.ar\/es-ar\/#organization\"},\"keywords\":[\"pol\u00edtica y medios de comunicaci\u00f3n\"],\"articleSection\":[\"Cultura y Sociedad\",\"Pol\u00edtica\"],\"inLanguage\":\"es\",\"potentialAction\":[{\"@type\":\"CommentAction\",\"name\":\"Comment\",\"target\":[\"https:\/\/sabado100.com.ar\/es-ar\/conferencia-politica-y-medios-de-comunicacion\/#respond\"]}]},{\"@type\":\"WebPage\",\"@id\":\"https:\/\/sabado100.com.ar\/es-ar\/conferencia-politica-y-medios-de-comunicacion\/\",\"url\":\"https:\/\/sabado100.com.ar\/es-ar\/conferencia-politica-y-medios-de-comunicacion\/\",\"name\":\"Conferencia: pol\u00edtica y medios de comunicaci\u00f3n - Sabado 100\",\"isPartOf\":{\"@id\":\"https:\/\/sabado100.com.ar\/es-ar\/#website\"},\"datePublished\":\"2013-09-27T19:38:11+00:00\",\"dateModified\":\"2013-09-27T19:38:11+00:00\",\"breadcrumb\":{\"@id\":\"https:\/\/sabado100.com.ar\/es-ar\/conferencia-politica-y-medios-de-comunicacion\/#breadcrumb\"},\"inLanguage\":\"es\",\"potentialAction\":[{\"@type\":\"ReadAction\",\"target\":[\"https:\/\/sabado100.com.ar\/es-ar\/conferencia-politica-y-medios-de-comunicacion\/\"]}]},{\"@type\":\"BreadcrumbList\",\"@id\":\"https:\/\/sabado100.com.ar\/es-ar\/conferencia-politica-y-medios-de-comunicacion\/#breadcrumb\",\"itemListElement\":[{\"@type\":\"ListItem\",\"position\":1,\"name\":\"Portada\",\"item\":\"https:\/\/sabado100.com.ar\/es-ar\/\"},{\"@type\":\"ListItem\",\"position\":2,\"name\":\"Conferencia: pol\u00edtica y medios de comunicaci\u00f3n\"}]},{\"@type\":\"WebSite\",\"@id\":\"https:\/\/sabado100.com.ar\/es-ar\/#website\",\"url\":\"https:\/\/sabado100.com.ar\/es-ar\/\",\"name\":\"Sabado 100\",\"description\":\"\",\"publisher\":{\"@id\":\"https:\/\/sabado100.com.ar\/es-ar\/#organization\"},\"potentialAction\":[{\"@type\":\"SearchAction\",\"target\":{\"@type\":\"EntryPoint\",\"urlTemplate\":\"https:\/\/sabado100.com.ar\/es-ar\/?s={search_term_string}\"},\"query-input\":\"required name=search_term_string\"}],\"inLanguage\":\"es\"},{\"@type\":\"Organization\",\"@id\":\"https:\/\/sabado100.com.ar\/es-ar\/#organization\",\"name\":\"Sabado 100\",\"url\":\"https:\/\/sabado100.com.ar\/es-ar\/\",\"logo\":{\"@type\":\"ImageObject\",\"inLanguage\":\"es\",\"@id\":\"https:\/\/sabado100.com.ar\/es-ar\/#\/schema\/logo\/image\/\",\"url\":\"https:\/\/sabado100.com.ar\/es-ar\/wp-content\/uploads\/2024\/04\/logo3.jpg\",\"contentUrl\":\"https:\/\/sabado100.com.ar\/es-ar\/wp-content\/uploads\/2024\/04\/logo3.jpg\",\"width\":300,\"height\":174,\"caption\":\"Sabado 100\"},\"image\":{\"@id\":\"https:\/\/sabado100.com.ar\/es-ar\/#\/schema\/logo\/image\/\"},\"sameAs\":[\"https:\/\/www.facebook.com\/sabadocien\/\",\"https:\/\/www.instagram.com\/sabado100.com.ar\/\",\"https:\/\/www.youtube.com\/@sabado1003\"]},{\"@type\":\"Person\",\"@id\":\"https:\/\/sabado100.com.ar\/es-ar\/#\/schema\/person\/58e38b918ef4e44b11398f25d4684c6d\",\"name\":\"sabado cien\",\"image\":{\"@type\":\"ImageObject\",\"inLanguage\":\"es\",\"@id\":\"https:\/\/sabado100.com.ar\/es-ar\/#\/schema\/person\/image\/\",\"url\":\"https:\/\/sabado100.com.ar\/es-ar\/wp-content\/litespeed\/avatar\/484bccfbd493fbb703b0f1b8113dad61.jpg?ver=1787731622\",\"contentUrl\":\"https:\/\/sabado100.com.ar\/es-ar\/wp-content\/litespeed\/avatar\/484bccfbd493fbb703b0f1b8113dad61.jpg?ver=1787731622\",\"caption\":\"sabado cien\"},\"url\":\"https:\/\/sabado100.com.ar\/es-ar\/author\/sabado100\/\"}]}<\/script>\n<!-- \/ Yoast SEO plugin. -->","yoast_head_json":{"title":"Conferencia: pol\u00edtica y medios de comunicaci\u00f3n - Sabado 100","robots":{"index":"index","follow":"follow","max-snippet":"max-snippet:-1","max-image-preview":"max-image-preview:large","max-video-preview":"max-video-preview:-1"},"canonical":"https:\/\/sabado100.com.ar\/es-ar\/conferencia-politica-y-medios-de-comunicacion\/","og_locale":"es_ES","og_type":"article","og_title":"Conferencia: pol\u00edtica y medios de comunicaci\u00f3n - Sabado 100","og_description":"Libertad de expresi\u00f3n, acceso a la informaci\u00f3n e independencia de los medios fueron algunos ejes de la conferencia organizada recientemente [&hellip;]","og_url":"https:\/\/sabado100.com.ar\/es-ar\/conferencia-politica-y-medios-de-comunicacion\/","og_site_name":"Sabado 100","article_publisher":"https:\/\/www.facebook.com\/sabadocien\/","article_published_time":"2013-09-27T19:38:11+00:00","author":"sabado cien","twitter_card":"summary_large_image","twitter_misc":{"Escrito por":"sabado cien","Tiempo de lectura":"7 minutos"},"schema":{"@context":"https:\/\/schema.org","@graph":[{"@type":"Article","@id":"https:\/\/sabado100.com.ar\/es-ar\/conferencia-politica-y-medios-de-comunicacion\/#article","isPartOf":{"@id":"https:\/\/sabado100.com.ar\/es-ar\/conferencia-politica-y-medios-de-comunicacion\/"},"author":{"name":"sabado cien","@id":"https:\/\/sabado100.com.ar\/es-ar\/#\/schema\/person\/58e38b918ef4e44b11398f25d4684c6d"},"headline":"Conferencia: pol\u00edtica y medios de comunicaci\u00f3n","datePublished":"2013-09-27T19:38:11+00:00","dateModified":"2013-09-27T19:38:11+00:00","mainEntityOfPage":{"@id":"https:\/\/sabado100.com.ar\/es-ar\/conferencia-politica-y-medios-de-comunicacion\/"},"wordCount":1435,"commentCount":0,"publisher":{"@id":"https:\/\/sabado100.com.ar\/es-ar\/#organization"},"keywords":["pol\u00edtica y medios de comunicaci\u00f3n"],"articleSection":["Cultura y Sociedad","Pol\u00edtica"],"inLanguage":"es","potentialAction":[{"@type":"CommentAction","name":"Comment","target":["https:\/\/sabado100.com.ar\/es-ar\/conferencia-politica-y-medios-de-comunicacion\/#respond"]}]},{"@type":"WebPage","@id":"https:\/\/sabado100.com.ar\/es-ar\/conferencia-politica-y-medios-de-comunicacion\/","url":"https:\/\/sabado100.com.ar\/es-ar\/conferencia-politica-y-medios-de-comunicacion\/","name":"Conferencia: pol\u00edtica y medios de comunicaci\u00f3n - Sabado 100","isPartOf":{"@id":"https:\/\/sabado100.com.ar\/es-ar\/#website"},"datePublished":"2013-09-27T19:38:11+00:00","dateModified":"2013-09-27T19:38:11+00:00","breadcrumb":{"@id":"https:\/\/sabado100.com.ar\/es-ar\/conferencia-politica-y-medios-de-comunicacion\/#breadcrumb"},"inLanguage":"es","potentialAction":[{"@type":"ReadAction","target":["https:\/\/sabado100.com.ar\/es-ar\/conferencia-politica-y-medios-de-comunicacion\/"]}]},{"@type":"BreadcrumbList","@id":"https:\/\/sabado100.com.ar\/es-ar\/conferencia-politica-y-medios-de-comunicacion\/#breadcrumb","itemListElement":[{"@type":"ListItem","position":1,"name":"Portada","item":"https:\/\/sabado100.com.ar\/es-ar\/"},{"@type":"ListItem","position":2,"name":"Conferencia: pol\u00edtica y medios de comunicaci\u00f3n"}]},{"@type":"WebSite","@id":"https:\/\/sabado100.com.ar\/es-ar\/#website","url":"https:\/\/sabado100.com.ar\/es-ar\/","name":"Sabado 100","description":"","publisher":{"@id":"https:\/\/sabado100.com.ar\/es-ar\/#organization"},"potentialAction":[{"@type":"SearchAction","target":{"@type":"EntryPoint","urlTemplate":"https:\/\/sabado100.com.ar\/es-ar\/?s={search_term_string}"},"query-input":"required name=search_term_string"}],"inLanguage":"es"},{"@type":"Organization","@id":"https:\/\/sabado100.com.ar\/es-ar\/#organization","name":"Sabado 100","url":"https:\/\/sabado100.com.ar\/es-ar\/","logo":{"@type":"ImageObject","inLanguage":"es","@id":"https:\/\/sabado100.com.ar\/es-ar\/#\/schema\/logo\/image\/","url":"https:\/\/sabado100.com.ar\/es-ar\/wp-content\/uploads\/2024\/04\/logo3.jpg","contentUrl":"https:\/\/sabado100.com.ar\/es-ar\/wp-content\/uploads\/2024\/04\/logo3.jpg","width":300,"height":174,"caption":"Sabado 100"},"image":{"@id":"https:\/\/sabado100.com.ar\/es-ar\/#\/schema\/logo\/image\/"},"sameAs":["https:\/\/www.facebook.com\/sabadocien\/","https:\/\/www.instagram.com\/sabado100.com.ar\/","https:\/\/www.youtube.com\/@sabado1003"]},{"@type":"Person","@id":"https:\/\/sabado100.com.ar\/es-ar\/#\/schema\/person\/58e38b918ef4e44b11398f25d4684c6d","name":"sabado cien","image":{"@type":"ImageObject","inLanguage":"es","@id":"https:\/\/sabado100.com.ar\/es-ar\/#\/schema\/person\/image\/","url":"https:\/\/sabado100.com.ar\/es-ar\/wp-content\/litespeed\/avatar\/484bccfbd493fbb703b0f1b8113dad61.jpg?ver=1787731622","contentUrl":"https:\/\/sabado100.com.ar\/es-ar\/wp-content\/litespeed\/avatar\/484bccfbd493fbb703b0f1b8113dad61.jpg?ver=1787731622","caption":"sabado cien"},"url":"https:\/\/sabado100.com.ar\/es-ar\/author\/sabado100\/"}]}},"_links":{"self":[{"href":"https:\/\/sabado100.com.ar\/es-ar\/wp-json\/wp\/v2\/posts\/3400","targetHints":{"allow":["GET"]}}],"collection":[{"href":"https:\/\/sabado100.com.ar\/es-ar\/wp-json\/wp\/v2\/posts"}],"about":[{"href":"https:\/\/sabado100.com.ar\/es-ar\/wp-json\/wp\/v2\/types\/post"}],"author":[{"embeddable":true,"href":"https:\/\/sabado100.com.ar\/es-ar\/wp-json\/wp\/v2\/users\/2"}],"replies":[{"embeddable":true,"href":"https:\/\/sabado100.com.ar\/es-ar\/wp-json\/wp\/v2\/comments?post=3400"}],"version-history":[{"count":0,"href":"https:\/\/sabado100.com.ar\/es-ar\/wp-json\/wp\/v2\/posts\/3400\/revisions"}],"wp:attachment":[{"href":"https:\/\/sabado100.com.ar\/es-ar\/wp-json\/wp\/v2\/media?parent=3400"}],"wp:term":[{"taxonomy":"category","embeddable":true,"href":"https:\/\/sabado100.com.ar\/es-ar\/wp-json\/wp\/v2\/categories?post=3400"},{"taxonomy":"post_tag","embeddable":true,"href":"https:\/\/sabado100.com.ar\/es-ar\/wp-json\/wp\/v2\/tags?post=3400"}],"curies":[{"name":"wp","href":"https:\/\/api.w.org\/{rel}","templated":true}]}}