{"id":26894,"date":"2024-04-24T12:37:14","date_gmt":"2024-04-24T15:37:14","guid":{"rendered":"https:\/\/www.sabado100.com.ar\/?p=26697"},"modified":"2024-04-24T12:37:14","modified_gmt":"2024-04-24T15:37:14","slug":"intercambio-de-experiencias-en-el-2-encuentro-de-la-italianidad","status":"publish","type":"post","link":"https:\/\/sabado100.com.ar\/es-ar\/intercambio-de-experiencias-en-el-2-encuentro-de-la-italianidad\/","title":{"rendered":"Intercambio de experiencias en el 2\u00b0 encuentro de la italianidad"},"content":{"rendered":"\n<p class=\"wp-block-paragraph\"><strong>Por Emilio Grande (h.).-<\/strong> Durante casi tres horas se realiz\u00f3 en la tarde-noche de este martes el segundo encuentro de la italianidad, en la Biblioteca Sarmiento del Centro de Empleados de Comercio de Rafaela, organizado por la Asociaci\u00f3n Cristiana de Dirigentes de Empresa (ACDE) sede Rafaela y la Sociedad Italiana de Rafaela, con la presencia de Patricia Imoberdorf (secretaria de Desarrollo Econ\u00f3mico, Innovaci\u00f3n y Empleo del Municipio), las ediles Mabel Fossatti y Carla Boidi, entre otros.<\/p>\n\n\n\n<p class=\"wp-block-paragraph\">La apertura y conducci\u00f3n del acto estuvo a cargo del doctor Ra\u00fal Arduino (ACDE) y Guillermo Signorini (Sociedad Italiana). Luego se emitieron dos videos: un mensaje del c\u00f3nsul italiano en Rosario Marco Bocchi sobre el fortalecimiento de los lazos entre ambos pa\u00edses, quien estuvo en Rafaela con una intensa agenda (con el intendente Leonardo Viotti y miembros de su gabinete, con referentes de las distintas colectividades italianas, con autoridades del Centro Comercial e Industrial de Rafaela y la Regi\u00f3n, y luego brind\u00f3 una conferencia de prensa) y el restante un institucional de ACDE, mostrando los valores fundantes de la cultura empresaria.<\/p>\n\n\n\n<p class=\"wp-block-paragraph\">El programa incluy\u00f3 distintos momentos y personas, compartiendo algunas frases m\u00e1s salientes:<\/p>\n\n\n\n<figure class=\"wp-block-image size-large\"><a href=\"https:\/\/sabado100.com.ar\/es-ar\/wp-content\/uploads\/2024\/04\/WhatsApp-Image-2024-04-24-at-12.20.57-1.jpeg\"><img decoding=\"async\" src=\"https:\/\/sabado100.com.ar\/es-ar\/wp-content\/uploads\/2024\/04\/WhatsApp-Image-2024-04-24-at-12.20.57-1-1024x461.jpeg\" alt=\"\" class=\"wp-image-26699\"\/><\/a><\/figure>\n\n\n\n<p class=\"wp-block-paragraph\">1) Javier Di Biase (CPN, gerente de la Fundaci\u00f3n Sancor Seguros y presidente de ACDE sede Rafaela) hizo hincapi\u00e9 en la educaci\u00f3n cooperativa, que est\u00e1 incluida en la ley de educaci\u00f3n, pero no es obligatoria, citando que a lo largo de estos a\u00f1os apadrinaron a un centenar de cooperativas escolares, entre ellas IDESA de Ataliva. Tambi\u00e9n destac\u00f3 los v\u00ednculos internacionales con pa\u00edses vecinos (Brasil, Chile, Paraguay y Per\u00fa) y con Alemania, Italia y Espa\u00f1a.<\/p>\n\n\n\n<figure class=\"wp-block-image size-large\"><a href=\"https:\/\/sabado100.com.ar\/es-ar\/wp-content\/uploads\/2024\/04\/WhatsApp-Image-2024-04-24-at-12.20.57-2.jpeg\"><img decoding=\"async\" src=\"https:\/\/sabado100.com.ar\/es-ar\/wp-content\/uploads\/2024\/04\/WhatsApp-Image-2024-04-24-at-12.20.57-2-1024x461.jpeg\" alt=\"\" class=\"wp-image-26700\"\/><\/a><\/figure>\n\n\n\n<p class=\"wp-block-paragraph\">2) Juan Jos\u00e9 Ocelli (presidente del Centro Friulano de Sunchales), quien estuvo acompa\u00f1ado por su esposa Vilma Viale, mencion\u00f3 la promoci\u00f3n de la identidad cultural del Friuli, existiendo en Argentina 26 centros y 150 en todo el mundo. Tambi\u00e9n la articulaci\u00f3n en materia de intercambios de estudiantes secundarios en la que ya viajaron 30 y actualmente hay dos.<\/p>\n\n\n\n<figure class=\"wp-block-image size-large\"><a href=\"https:\/\/sabado100.com.ar\/es-ar\/wp-content\/uploads\/2024\/04\/WhatsApp-Image-2024-04-24-at-12.20.58.jpeg\"><img decoding=\"async\" src=\"https:\/\/sabado100.com.ar\/es-ar\/wp-content\/uploads\/2024\/04\/WhatsApp-Image-2024-04-24-at-12.20.58-1024x461.jpeg\" alt=\"\" class=\"wp-image-26701\"\/><\/a><\/figure>\n\n\n\n<p class=\"wp-block-paragraph\">3) Benjam\u00edn Albrecht (CPN, gerente de Acerma y presidente de ACDICAR) y Luciano Pergolesi (m\u00e9dico cirujano, especialista en ginecolog\u00eda y obstetricia, en Sanatorio Nosti) compartieron sus vivencias formativas universitarias de posgrado en universidades italianas.<\/p>\n\n\n\n<p class=\"wp-block-paragraph\">Albrecht estudi\u00f3 una maestr\u00eda en ingenier\u00eda de la innovaci\u00f3n en la Universidad de Bolonia, pero curs\u00f3 6 meses en Buenos Aires y 6 meses en Italia, valorando la formaci\u00f3n educativa-cultural; luego en una escuela de negocios de Costa Rica tuvo una beca para estudiar una semana en Torino, donde se sinti\u00f3 como si estuviera en nuestra zona por la cultura piemontesa.<\/p>\n\n\n\n<figure class=\"wp-block-image size-large\"><a href=\"https:\/\/sabado100.com.ar\/es-ar\/wp-content\/uploads\/2024\/04\/WhatsApp-Image-2024-04-24-at-12.20.58-1.jpeg\"><img decoding=\"async\" src=\"https:\/\/sabado100.com.ar\/es-ar\/wp-content\/uploads\/2024\/04\/WhatsApp-Image-2024-04-24-at-12.20.58-1-1024x461.jpeg\" alt=\"\" class=\"wp-image-26702\"\/><\/a><\/figure>\n\n\n\n<p class=\"wp-block-paragraph\">Pergolesi cont\u00f3 su especializaci\u00f3n en Mil\u00e1n durante 6 meses, donde observ\u00f3 el cambio de paradigma sobre el tratamiento del c\u00e1ncer de mama a partir de la casu\u00edstica elevada, teniendo como eje central a la investigaci\u00f3n, aclarando que hay diferencias tecnol\u00f3gicas, pero en Rafaela se utiliza ahora el mismo m\u00e9todo de intervenci\u00f3n.<\/p>\n\n\n\n<figure class=\"wp-block-image size-large\"><a href=\"https:\/\/sabado100.com.ar\/es-ar\/wp-content\/uploads\/2024\/04\/WhatsApp-Image-2024-04-24-at-12.20.58-2.jpeg\"><img decoding=\"async\" src=\"https:\/\/sabado100.com.ar\/es-ar\/wp-content\/uploads\/2024\/04\/WhatsApp-Image-2024-04-24-at-12.20.58-2-1024x461.jpeg\" alt=\"\" class=\"wp-image-26703\"\/><\/a><\/figure>\n\n\n\n<p class=\"wp-block-paragraph\">4) El abogado Carlos Rosso y la licenciada en Comercio Exterior Anabella Battistini del Municipio rafaelino hicieron un raconto hist\u00f3rico de los hermanamientos. Despu\u00e9s que se cayera la posibilidad con Pinerolo, el sacerdote Carmelo Greco propuso Fossano, cuyo proceso empez\u00f3 en 1992 con el apoyo del entonces intendente Omar Perotti, form\u00e1ndose la Comisi\u00f3n de Hermanamiento Rafaela-Fossano, y culmin\u00f3 con la firma del protocolo en 1996 con la llegada de 72 fossanesi, entre ellos el sindaco Giuseppe Manfredi. Rosso record\u00f3 que hubo un mutuo reconocimiento: los italianos porque no pudieron solucionar la emigraci\u00f3n de miles de italianos y los argentinos por los que vinieron de Italia.<\/p>\n\n\n\n<p class=\"wp-block-paragraph\">Battistini reconoci\u00f3 el trabajo del hermanamiento realizado por Railmelda Restelli, Norma Brarda (presentes en la actividad), Pilar Bruno, Irene Rainone, entre otros, poniendo de relieve tambi\u00e9n el convenio con el Polit\u00e9cnico de Torino y los intercambios educativos y culturales. El desaf\u00edo ser\u00e1 c\u00f3mo sostener el \u201cgemellaggio\u201d con continuidad en tiempo hacia el futuro.<\/p>\n\n\n\n<p class=\"wp-block-paragraph\">5) Mar\u00eda Julia Lencioni habl\u00f3 por el Centro Toscano de Rafaela creado en 2002 y durante estos a\u00f1os otorgaron 22 becas estudiantiles. Signorini por la Asociaci\u00f3n Lombarda, se\u00f1alando que tienen proyectos para volver a generar actividades. El m\u00fasico Juli\u00e1n Ratti rememor\u00f3 los 72 programas televisivos sobre los distintos pueblos fundados en la zona con el periodista Alcides Castagno y ahora el proyecto con Hugo Erbetta de Esperanza para rescatar la figura del poeta Mario R. Vecchioli. Tambi\u00e9n estuvo el m\u00fasico Sergio Grazioli, quien brind\u00f3 con su grupo m\u00e1s de 100 conciertos folkl\u00f3ricos en 10 ciudades italianas durante varios a\u00f1os.<\/p>\n\n\n\n<p class=\"wp-block-paragraph\">A prop\u00f3sito de Vecchioli, la directora de la escuela hom\u00f3nima (ex Comercio) Vanesa Mendoza se\u00f1al\u00f3 que, en el marco de los 75 a\u00f1os, la construcci\u00f3n del museo virtual Vecchioli con la participaci\u00f3n de docentes y estudiantes, sumado a la donaci\u00f3n de bienes de Andrea Vecchioli (nieta), que se subir\u00e1 al portal de la memoria gringa de la UNL.<\/p>\n\n\n\n<figure class=\"wp-block-image size-large\"><a href=\"https:\/\/sabado100.com.ar\/es-ar\/wp-content\/uploads\/2024\/04\/WhatsApp-Image-2024-04-24-at-12.20.59.jpeg\"><img decoding=\"async\" src=\"https:\/\/sabado100.com.ar\/es-ar\/wp-content\/uploads\/2024\/04\/WhatsApp-Image-2024-04-24-at-12.20.59-1024x461.jpeg\" alt=\"\" class=\"wp-image-26704\"\/><\/a><\/figure>\n\n\n\n<p class=\"wp-block-paragraph\">6) Italo Cassina (CPN y agente consular de Rafaela) memor\u00f3 el reciente viaje a Italia sobre el proyecto de las primeras 11 familias que se instalaron en la formaci\u00f3n de la entonces colonia, visitando 7 comunas para obtener las actas de nacimiento y traer tierra de esos lugares. Recientemente, estuvo en la vecina localidad de Pilar, donde se anotaron los primeros nacimientos en la parroquia, siendo los primeros Francisco Storero y Mar\u00eda Beltramino en 1882.<\/p>\n\n\n\n<p class=\"wp-block-paragraph\">Adem\u00e1s, los proyectos de filmes con financiamiento del Piemonte y Anaborapi con IDESA de Ataliva sobre la crianza de animales con la colaboraci\u00f3n de la Cooperativa Guillermo Lehmann por la cuesti\u00f3n ambiental. Despu\u00e9s de 15 a\u00f1os, fue su \u00faltimo acto p\u00fablico porque al cumplir 70 a\u00f1os a fin de mes y por disposici\u00f3n de la normativa italiana finaliza este cargo, pero aclar\u00f3 que fue elegido vicepresidente de la Uni\u00f3n Consular Honoraria Italiana en el Mundo.<\/p>\n","protected":false},"excerpt":{"rendered":"<p>Expusieron Javier Di Biase, Juan Jos\u00e9 Ocelli, Benjam\u00edn Albrecht, Luciano Pergolesi, Carlos Rosso, Anabella Battistini, Mar\u00eda Julia Lencioni, Guillermo Signorini, Juli\u00e1n Ratti, Vanesa Mendoza e Italo Cassina.<\/p>\n","protected":false},"author":1,"featured_media":26896,"comment_status":"open","ping_status":"closed","sticky":false,"template":"","format":"standard","meta":{"site-sidebar-layout":"default","site-content-layout":"","ast-site-content-layout":"default","site-content-style":"default","site-sidebar-style":"default","ast-global-header-display":"","ast-banner-title-visibility":"","ast-main-header-display":"","ast-hfb-above-header-display":"","ast-hfb-below-header-display":"","ast-hfb-mobile-header-display":"","site-post-title":"","ast-breadcrumbs-content":"","ast-featured-img":"","footer-sml-layout":"","ast-disable-related-posts":"","theme-transparent-header-meta":"","adv-header-id-meta":"","stick-header-meta":"","header-above-stick-meta":"","header-main-stick-meta":"","header-below-stick-meta":"","astra-migrate-meta-layouts":"default","ast-page-background-enabled":"default","ast-page-background-meta":{"desktop":{"background-color":"var(--ast-global-color-4)","background-image":"","background-repeat":"repeat","background-position":"center center","background-size":"auto","background-attachment":"scroll","background-type":"","background-media":"","overlay-type":"","overlay-color":"","overlay-opacity":"","overlay-gradient":""},"tablet":{"background-color":"","background-image":"","background-repeat":"repeat","background-position":"center center","background-size":"auto","background-attachment":"scroll","background-type":"","background-media":"","overlay-type":"","overlay-color":"","overlay-opacity":"","overlay-gradient":""},"mobile":{"background-color":"","background-image":"","background-repeat":"repeat","background-position":"center center","background-size":"auto","background-attachment":"scroll","background-type":"","background-media":"","overlay-type":"","overlay-color":"","overlay-opacity":"","overlay-gradient":""}},"ast-content-background-meta":{"desktop":{"background-color":"var(--ast-global-color-5)","background-image":"","background-repeat":"repeat","background-position":"center center","background-size":"auto","background-attachment":"scroll","background-type":"","background-media":"","overlay-type":"","overlay-color":"","overlay-opacity":"","overlay-gradient":""},"tablet":{"background-color":"var(--ast-global-color-5)","background-image":"","background-repeat":"repeat","background-position":"center center","background-size":"auto","background-attachment":"scroll","background-type":"","background-media":"","overlay-type":"","overlay-color":"","overlay-opacity":"","overlay-gradient":""},"mobile":{"background-color":"var(--ast-global-color-5)","background-image":"","background-repeat":"repeat","background-position":"center center","background-size":"auto","background-attachment":"scroll","background-type":"","background-media":"","overlay-type":"","overlay-color":"","overlay-opacity":"","overlay-gradient":""}},"footnotes":""},"categories":[4],"tags":[245],"class_list":["post-26894","post","type-post","status-publish","format-standard","has-post-thumbnail","hentry","category-cultura-y-sociedad","tag-intercambio-de-experiencias-en-el-2-encuentro-de-la-italianidad"],"yoast_head":"<!-- This site is optimized with the Yoast SEO plugin v23.2 - https:\/\/yoast.com\/wordpress\/plugins\/seo\/ -->\n<title>Intercambio de experiencias en el 2\u00b0 encuentro de la italianidad - Sabado 100<\/title>\n<meta name=\"robots\" content=\"index, follow, max-snippet:-1, max-image-preview:large, max-video-preview:-1\" \/>\n<link rel=\"canonical\" href=\"https:\/\/sabado100.com.ar\/es-ar\/intercambio-de-experiencias-en-el-2-encuentro-de-la-italianidad\/\" \/>\n<meta property=\"og:locale\" content=\"es_ES\" \/>\n<meta property=\"og:type\" content=\"article\" \/>\n<meta property=\"og:title\" content=\"Intercambio de experiencias en el 2\u00b0 encuentro de la italianidad - Sabado 100\" \/>\n<meta property=\"og:description\" content=\"Expusieron Javier Di Biase, Juan Jos\u00e9 Ocelli, Benjam\u00edn Albrecht, Luciano Pergolesi, Carlos Rosso, Anabella Battistini, Mar\u00eda Julia Lencioni, Guillermo Signorini, Juli\u00e1n Ratti, Vanesa Mendoza e Italo Cassina.\" \/>\n<meta property=\"og:url\" content=\"https:\/\/sabado100.com.ar\/es-ar\/intercambio-de-experiencias-en-el-2-encuentro-de-la-italianidad\/\" \/>\n<meta property=\"og:site_name\" content=\"Sabado 100\" \/>\n<meta property=\"article:publisher\" content=\"https:\/\/www.facebook.com\/sabadocien\/\" \/>\n<meta property=\"article:published_time\" content=\"2024-04-24T15:37:14+00:00\" \/>\n<meta property=\"og:image\" content=\"https:\/\/sabado100.com.ar\/es-ar\/wp-content\/uploads\/2024\/04\/WhatsApp-Image-2024-04-24-at-12.20.57.jpeg\" \/>\n\t<meta property=\"og:image:width\" content=\"1600\" \/>\n\t<meta property=\"og:image:height\" content=\"720\" \/>\n\t<meta property=\"og:image:type\" content=\"image\/jpeg\" \/>\n<meta name=\"author\" content=\"admin\" \/>\n<meta name=\"twitter:card\" content=\"summary_large_image\" \/>\n<meta name=\"twitter:label1\" content=\"Escrito por\" \/>\n\t<meta name=\"twitter:data1\" content=\"admin\" \/>\n\t<meta name=\"twitter:label2\" content=\"Tiempo de lectura\" \/>\n\t<meta name=\"twitter:data2\" content=\"5 minutos\" \/>\n<script type=\"application\/ld+json\" class=\"yoast-schema-graph\">{\"@context\":\"https:\/\/schema.org\",\"@graph\":[{\"@type\":\"Article\",\"@id\":\"https:\/\/sabado100.com.ar\/es-ar\/intercambio-de-experiencias-en-el-2-encuentro-de-la-italianidad\/#article\",\"isPartOf\":{\"@id\":\"https:\/\/sabado100.com.ar\/es-ar\/intercambio-de-experiencias-en-el-2-encuentro-de-la-italianidad\/\"},\"author\":{\"name\":\"admin\",\"@id\":\"https:\/\/sabado100.com.ar\/es-ar\/#\/schema\/person\/0a9d576d4c50f5ee5c774c01644c2bf5\"},\"headline\":\"Intercambio de experiencias en el 2\u00b0 encuentro de la italianidad\",\"datePublished\":\"2024-04-24T15:37:14+00:00\",\"dateModified\":\"2024-04-24T15:37:14+00:00\",\"mainEntityOfPage\":{\"@id\":\"https:\/\/sabado100.com.ar\/es-ar\/intercambio-de-experiencias-en-el-2-encuentro-de-la-italianidad\/\"},\"wordCount\":990,\"commentCount\":0,\"publisher\":{\"@id\":\"https:\/\/sabado100.com.ar\/es-ar\/#organization\"},\"image\":{\"@id\":\"https:\/\/sabado100.com.ar\/es-ar\/intercambio-de-experiencias-en-el-2-encuentro-de-la-italianidad\/#primaryimage\"},\"thumbnailUrl\":\"https:\/\/sabado100.com.ar\/es-ar\/wp-content\/uploads\/2024\/04\/WhatsApp-Image-2024-04-24-at-12.20.57.jpeg\",\"keywords\":[\"Intercambio de experiencias en el 2\u00b0 encuentro de la italianidad\"],\"articleSection\":[\"Cultura y Sociedad\"],\"inLanguage\":\"es\",\"potentialAction\":[{\"@type\":\"CommentAction\",\"name\":\"Comment\",\"target\":[\"https:\/\/sabado100.com.ar\/es-ar\/intercambio-de-experiencias-en-el-2-encuentro-de-la-italianidad\/#respond\"]}]},{\"@type\":\"WebPage\",\"@id\":\"https:\/\/sabado100.com.ar\/es-ar\/intercambio-de-experiencias-en-el-2-encuentro-de-la-italianidad\/\",\"url\":\"https:\/\/sabado100.com.ar\/es-ar\/intercambio-de-experiencias-en-el-2-encuentro-de-la-italianidad\/\",\"name\":\"Intercambio de experiencias en el 2\u00b0 encuentro de la italianidad - Sabado 100\",\"isPartOf\":{\"@id\":\"https:\/\/sabado100.com.ar\/es-ar\/#website\"},\"primaryImageOfPage\":{\"@id\":\"https:\/\/sabado100.com.ar\/es-ar\/intercambio-de-experiencias-en-el-2-encuentro-de-la-italianidad\/#primaryimage\"},\"image\":{\"@id\":\"https:\/\/sabado100.com.ar\/es-ar\/intercambio-de-experiencias-en-el-2-encuentro-de-la-italianidad\/#primaryimage\"},\"thumbnailUrl\":\"https:\/\/sabado100.com.ar\/es-ar\/wp-content\/uploads\/2024\/04\/WhatsApp-Image-2024-04-24-at-12.20.57.jpeg\",\"datePublished\":\"2024-04-24T15:37:14+00:00\",\"dateModified\":\"2024-04-24T15:37:14+00:00\",\"breadcrumb\":{\"@id\":\"https:\/\/sabado100.com.ar\/es-ar\/intercambio-de-experiencias-en-el-2-encuentro-de-la-italianidad\/#breadcrumb\"},\"inLanguage\":\"es\",\"potentialAction\":[{\"@type\":\"ReadAction\",\"target\":[\"https:\/\/sabado100.com.ar\/es-ar\/intercambio-de-experiencias-en-el-2-encuentro-de-la-italianidad\/\"]}]},{\"@type\":\"ImageObject\",\"inLanguage\":\"es\",\"@id\":\"https:\/\/sabado100.com.ar\/es-ar\/intercambio-de-experiencias-en-el-2-encuentro-de-la-italianidad\/#primaryimage\",\"url\":\"https:\/\/sabado100.com.ar\/es-ar\/wp-content\/uploads\/2024\/04\/WhatsApp-Image-2024-04-24-at-12.20.57.jpeg\",\"contentUrl\":\"https:\/\/sabado100.com.ar\/es-ar\/wp-content\/uploads\/2024\/04\/WhatsApp-Image-2024-04-24-at-12.20.57.jpeg\",\"width\":1600,\"height\":720},{\"@type\":\"BreadcrumbList\",\"@id\":\"https:\/\/sabado100.com.ar\/es-ar\/intercambio-de-experiencias-en-el-2-encuentro-de-la-italianidad\/#breadcrumb\",\"itemListElement\":[{\"@type\":\"ListItem\",\"position\":1,\"name\":\"Portada\",\"item\":\"https:\/\/sabado100.com.ar\/es-ar\/\"},{\"@type\":\"ListItem\",\"position\":2,\"name\":\"Intercambio de experiencias en el 2\u00b0 encuentro de la italianidad\"}]},{\"@type\":\"WebSite\",\"@id\":\"https:\/\/sabado100.com.ar\/es-ar\/#website\",\"url\":\"https:\/\/sabado100.com.ar\/es-ar\/\",\"name\":\"Sabado 100\",\"description\":\"\",\"publisher\":{\"@id\":\"https:\/\/sabado100.com.ar\/es-ar\/#organization\"},\"potentialAction\":[{\"@type\":\"SearchAction\",\"target\":{\"@type\":\"EntryPoint\",\"urlTemplate\":\"https:\/\/sabado100.com.ar\/es-ar\/?s={search_term_string}\"},\"query-input\":\"required name=search_term_string\"}],\"inLanguage\":\"es\"},{\"@type\":\"Organization\",\"@id\":\"https:\/\/sabado100.com.ar\/es-ar\/#organization\",\"name\":\"Sabado 100\",\"url\":\"https:\/\/sabado100.com.ar\/es-ar\/\",\"logo\":{\"@type\":\"ImageObject\",\"inLanguage\":\"es\",\"@id\":\"https:\/\/sabado100.com.ar\/es-ar\/#\/schema\/logo\/image\/\",\"url\":\"https:\/\/sabado100.com.ar\/es-ar\/wp-content\/uploads\/2024\/04\/logo3.jpg\",\"contentUrl\":\"https:\/\/sabado100.com.ar\/es-ar\/wp-content\/uploads\/2024\/04\/logo3.jpg\",\"width\":300,\"height\":174,\"caption\":\"Sabado 100\"},\"image\":{\"@id\":\"https:\/\/sabado100.com.ar\/es-ar\/#\/schema\/logo\/image\/\"},\"sameAs\":[\"https:\/\/www.facebook.com\/sabadocien\/\",\"https:\/\/www.instagram.com\/sabado100.com.ar\/\",\"https:\/\/www.youtube.com\/@sabado1003\"]},{\"@type\":\"Person\",\"@id\":\"https:\/\/sabado100.com.ar\/es-ar\/#\/schema\/person\/0a9d576d4c50f5ee5c774c01644c2bf5\",\"name\":\"admin\",\"image\":{\"@type\":\"ImageObject\",\"inLanguage\":\"es\",\"@id\":\"https:\/\/sabado100.com.ar\/es-ar\/#\/schema\/person\/image\/\",\"url\":\"https:\/\/sabado100.com.ar\/es-ar\/wp-content\/litespeed\/avatar\/4011a1aa10f57cda77b281e34885822b.jpg?ver=1787726386\",\"contentUrl\":\"https:\/\/sabado100.com.ar\/es-ar\/wp-content\/litespeed\/avatar\/4011a1aa10f57cda77b281e34885822b.jpg?ver=1787726386\",\"caption\":\"admin\"},\"sameAs\":[\"https:\/\/sabado100.com.ar\/es-ar\"],\"url\":\"https:\/\/sabado100.com.ar\/es-ar\/author\/s100\/\"}]}<\/script>\n<!-- \/ Yoast SEO plugin. -->","yoast_head_json":{"title":"Intercambio de experiencias en el 2\u00b0 encuentro de la italianidad - Sabado 100","robots":{"index":"index","follow":"follow","max-snippet":"max-snippet:-1","max-image-preview":"max-image-preview:large","max-video-preview":"max-video-preview:-1"},"canonical":"https:\/\/sabado100.com.ar\/es-ar\/intercambio-de-experiencias-en-el-2-encuentro-de-la-italianidad\/","og_locale":"es_ES","og_type":"article","og_title":"Intercambio de experiencias en el 2\u00b0 encuentro de la italianidad - Sabado 100","og_description":"Expusieron Javier Di Biase, Juan Jos\u00e9 Ocelli, Benjam\u00edn Albrecht, Luciano Pergolesi, Carlos Rosso, Anabella Battistini, Mar\u00eda Julia Lencioni, Guillermo Signorini, Juli\u00e1n Ratti, Vanesa Mendoza e Italo Cassina.","og_url":"https:\/\/sabado100.com.ar\/es-ar\/intercambio-de-experiencias-en-el-2-encuentro-de-la-italianidad\/","og_site_name":"Sabado 100","article_publisher":"https:\/\/www.facebook.com\/sabadocien\/","article_published_time":"2024-04-24T15:37:14+00:00","og_image":[{"width":1600,"height":720,"url":"https:\/\/sabado100.com.ar\/es-ar\/wp-content\/uploads\/2024\/04\/WhatsApp-Image-2024-04-24-at-12.20.57.jpeg","type":"image\/jpeg"}],"author":"admin","twitter_card":"summary_large_image","twitter_misc":{"Escrito por":"admin","Tiempo de lectura":"5 minutos"},"schema":{"@context":"https:\/\/schema.org","@graph":[{"@type":"Article","@id":"https:\/\/sabado100.com.ar\/es-ar\/intercambio-de-experiencias-en-el-2-encuentro-de-la-italianidad\/#article","isPartOf":{"@id":"https:\/\/sabado100.com.ar\/es-ar\/intercambio-de-experiencias-en-el-2-encuentro-de-la-italianidad\/"},"author":{"name":"admin","@id":"https:\/\/sabado100.com.ar\/es-ar\/#\/schema\/person\/0a9d576d4c50f5ee5c774c01644c2bf5"},"headline":"Intercambio de experiencias en el 2\u00b0 encuentro de la italianidad","datePublished":"2024-04-24T15:37:14+00:00","dateModified":"2024-04-24T15:37:14+00:00","mainEntityOfPage":{"@id":"https:\/\/sabado100.com.ar\/es-ar\/intercambio-de-experiencias-en-el-2-encuentro-de-la-italianidad\/"},"wordCount":990,"commentCount":0,"publisher":{"@id":"https:\/\/sabado100.com.ar\/es-ar\/#organization"},"image":{"@id":"https:\/\/sabado100.com.ar\/es-ar\/intercambio-de-experiencias-en-el-2-encuentro-de-la-italianidad\/#primaryimage"},"thumbnailUrl":"https:\/\/sabado100.com.ar\/es-ar\/wp-content\/uploads\/2024\/04\/WhatsApp-Image-2024-04-24-at-12.20.57.jpeg","keywords":["Intercambio de experiencias en el 2\u00b0 encuentro de la italianidad"],"articleSection":["Cultura y Sociedad"],"inLanguage":"es","potentialAction":[{"@type":"CommentAction","name":"Comment","target":["https:\/\/sabado100.com.ar\/es-ar\/intercambio-de-experiencias-en-el-2-encuentro-de-la-italianidad\/#respond"]}]},{"@type":"WebPage","@id":"https:\/\/sabado100.com.ar\/es-ar\/intercambio-de-experiencias-en-el-2-encuentro-de-la-italianidad\/","url":"https:\/\/sabado100.com.ar\/es-ar\/intercambio-de-experiencias-en-el-2-encuentro-de-la-italianidad\/","name":"Intercambio de experiencias en el 2\u00b0 encuentro de la italianidad - Sabado 100","isPartOf":{"@id":"https:\/\/sabado100.com.ar\/es-ar\/#website"},"primaryImageOfPage":{"@id":"https:\/\/sabado100.com.ar\/es-ar\/intercambio-de-experiencias-en-el-2-encuentro-de-la-italianidad\/#primaryimage"},"image":{"@id":"https:\/\/sabado100.com.ar\/es-ar\/intercambio-de-experiencias-en-el-2-encuentro-de-la-italianidad\/#primaryimage"},"thumbnailUrl":"https:\/\/sabado100.com.ar\/es-ar\/wp-content\/uploads\/2024\/04\/WhatsApp-Image-2024-04-24-at-12.20.57.jpeg","datePublished":"2024-04-24T15:37:14+00:00","dateModified":"2024-04-24T15:37:14+00:00","breadcrumb":{"@id":"https:\/\/sabado100.com.ar\/es-ar\/intercambio-de-experiencias-en-el-2-encuentro-de-la-italianidad\/#breadcrumb"},"inLanguage":"es","potentialAction":[{"@type":"ReadAction","target":["https:\/\/sabado100.com.ar\/es-ar\/intercambio-de-experiencias-en-el-2-encuentro-de-la-italianidad\/"]}]},{"@type":"ImageObject","inLanguage":"es","@id":"https:\/\/sabado100.com.ar\/es-ar\/intercambio-de-experiencias-en-el-2-encuentro-de-la-italianidad\/#primaryimage","url":"https:\/\/sabado100.com.ar\/es-ar\/wp-content\/uploads\/2024\/04\/WhatsApp-Image-2024-04-24-at-12.20.57.jpeg","contentUrl":"https:\/\/sabado100.com.ar\/es-ar\/wp-content\/uploads\/2024\/04\/WhatsApp-Image-2024-04-24-at-12.20.57.jpeg","width":1600,"height":720},{"@type":"BreadcrumbList","@id":"https:\/\/sabado100.com.ar\/es-ar\/intercambio-de-experiencias-en-el-2-encuentro-de-la-italianidad\/#breadcrumb","itemListElement":[{"@type":"ListItem","position":1,"name":"Portada","item":"https:\/\/sabado100.com.ar\/es-ar\/"},{"@type":"ListItem","position":2,"name":"Intercambio de experiencias en el 2\u00b0 encuentro de la italianidad"}]},{"@type":"WebSite","@id":"https:\/\/sabado100.com.ar\/es-ar\/#website","url":"https:\/\/sabado100.com.ar\/es-ar\/","name":"Sabado 100","description":"","publisher":{"@id":"https:\/\/sabado100.com.ar\/es-ar\/#organization"},"potentialAction":[{"@type":"SearchAction","target":{"@type":"EntryPoint","urlTemplate":"https:\/\/sabado100.com.ar\/es-ar\/?s={search_term_string}"},"query-input":"required name=search_term_string"}],"inLanguage":"es"},{"@type":"Organization","@id":"https:\/\/sabado100.com.ar\/es-ar\/#organization","name":"Sabado 100","url":"https:\/\/sabado100.com.ar\/es-ar\/","logo":{"@type":"ImageObject","inLanguage":"es","@id":"https:\/\/sabado100.com.ar\/es-ar\/#\/schema\/logo\/image\/","url":"https:\/\/sabado100.com.ar\/es-ar\/wp-content\/uploads\/2024\/04\/logo3.jpg","contentUrl":"https:\/\/sabado100.com.ar\/es-ar\/wp-content\/uploads\/2024\/04\/logo3.jpg","width":300,"height":174,"caption":"Sabado 100"},"image":{"@id":"https:\/\/sabado100.com.ar\/es-ar\/#\/schema\/logo\/image\/"},"sameAs":["https:\/\/www.facebook.com\/sabadocien\/","https:\/\/www.instagram.com\/sabado100.com.ar\/","https:\/\/www.youtube.com\/@sabado1003"]},{"@type":"Person","@id":"https:\/\/sabado100.com.ar\/es-ar\/#\/schema\/person\/0a9d576d4c50f5ee5c774c01644c2bf5","name":"admin","image":{"@type":"ImageObject","inLanguage":"es","@id":"https:\/\/sabado100.com.ar\/es-ar\/#\/schema\/person\/image\/","url":"https:\/\/sabado100.com.ar\/es-ar\/wp-content\/litespeed\/avatar\/4011a1aa10f57cda77b281e34885822b.jpg?ver=1787726386","contentUrl":"https:\/\/sabado100.com.ar\/es-ar\/wp-content\/litespeed\/avatar\/4011a1aa10f57cda77b281e34885822b.jpg?ver=1787726386","caption":"admin"},"sameAs":["https:\/\/sabado100.com.ar\/es-ar"],"url":"https:\/\/sabado100.com.ar\/es-ar\/author\/s100\/"}]}},"_links":{"self":[{"href":"https:\/\/sabado100.com.ar\/es-ar\/wp-json\/wp\/v2\/posts\/26894","targetHints":{"allow":["GET"]}}],"collection":[{"href":"https:\/\/sabado100.com.ar\/es-ar\/wp-json\/wp\/v2\/posts"}],"about":[{"href":"https:\/\/sabado100.com.ar\/es-ar\/wp-json\/wp\/v2\/types\/post"}],"author":[{"embeddable":true,"href":"https:\/\/sabado100.com.ar\/es-ar\/wp-json\/wp\/v2\/users\/1"}],"replies":[{"embeddable":true,"href":"https:\/\/sabado100.com.ar\/es-ar\/wp-json\/wp\/v2\/comments?post=26894"}],"version-history":[{"count":0,"href":"https:\/\/sabado100.com.ar\/es-ar\/wp-json\/wp\/v2\/posts\/26894\/revisions"}],"wp:featuredmedia":[{"embeddable":true,"href":"https:\/\/sabado100.com.ar\/es-ar\/wp-json\/wp\/v2\/media\/26896"}],"wp:attachment":[{"href":"https:\/\/sabado100.com.ar\/es-ar\/wp-json\/wp\/v2\/media?parent=26894"}],"wp:term":[{"taxonomy":"category","embeddable":true,"href":"https:\/\/sabado100.com.ar\/es-ar\/wp-json\/wp\/v2\/categories?post=26894"},{"taxonomy":"post_tag","embeddable":true,"href":"https:\/\/sabado100.com.ar\/es-ar\/wp-json\/wp\/v2\/tags?post=26894"}],"curies":[{"name":"wp","href":"https:\/\/api.w.org\/{rel}","templated":true}]}}