{"id":17997,"date":"2022-08-06T17:02:09","date_gmt":"2022-08-06T20:02:09","guid":{"rendered":"https:\/\/www.sabado100.com.ar\/?p=17997"},"modified":"2022-08-06T17:02:09","modified_gmt":"2022-08-06T20:02:09","slug":"maximo-kirchner-encargado-de-los-negocios-familiares-que-heredo-la-relacion-comercial-con-lazaro-baez","status":"publish","type":"post","link":"https:\/\/sabado100.com.ar\/es-ar\/maximo-kirchner-encargado-de-los-negocios-familiares-que-heredo-la-relacion-comercial-con-lazaro-baez\/","title":{"rendered":"M\u00e1ximo Kirchner,  encargado de los negocios familiares que hered\u00f3 la relaci\u00f3n comercial con L\u00e1zaro B\u00e1ez"},"content":{"rendered":"\n<p class=\"wp-block-paragraph\"><strong>Por <a href=\"https:\/\/www.lanacion.com.ar\/autor\/hugo-alconada-mon-97\/\">Hugo Alconada Mon<\/a>.-<\/strong> El v\u00ednculo era directo y entre ellos dos.\u00a0<strong>N\u00e9stor Carlos Kirchner y L\u00e1zaro Antonio B\u00e1ez<\/strong>\u00a0eran amigos, se juntaban a comer asados cuando coincid\u00edan en R\u00edo Gallegos y manten\u00edan toda clase de operaciones comerciales millonarias que sol\u00edan volcarse en los registros contables de las empresas de B\u00e1ez de una manera sencilla: con las iniciales \u201cNCK\u201d, seg\u00fan corrobor\u00f3\u00a0<strong>La Naci\u00f3n<\/strong>. Hasta que irrumpi\u00f3 el hijo presidencial,\u00a0<strong>M\u00e1ximo<\/strong>.<\/p>\n\n\n\n<p class=\"wp-block-paragraph\">Su irrupci\u00f3n comenz\u00f3 a fines de octubre de 2010. Es decir, cuando falleci\u00f3 el entonces Presidente. Durante unos pocos meses m\u00e1s, los cheques que fluyeron de las empresas de B\u00e1ez hacia la familia presidencial a trav\u00e9s de su firma gerenciadora de los hoteles,<strong>&nbsp;Valle Mitre<\/strong>, se emitieron a nombre de \u201cNCK\u201d y se incorporaron al acervo sucesorio del ex mandatario. Pero desde el momento en que&nbsp;<strong>la Justicia dict\u00f3 la declaratoria de herederos y se repartieron sus activos<\/strong>, otras iniciales dominaron los registros contables del emporio B\u00e1ez: \u201cMCK\u201d. M\u00e1ximo Carlos Kirchner.<\/p>\n\n\n\n<p class=\"wp-block-paragraph\">Result\u00f3 casi inevitable. Tras el fallecimiento de su padre, el primog\u00e9nito de la pareja presidencial asumi\u00f3 las riendas de los negocios familiares, en tanto que su hermana Florencia se mantuvo en un rol secundario, solo interrumpido cuando ingres\u00f3 al directorio de la sociedad Hotesur, controlante del&nbsp;<strong>Alto Calafate<\/strong>.<\/p>\n\n\n\n<p class=\"wp-block-paragraph\">As\u00ed fue como&nbsp;<mark>M\u00e1ximo Kirchner comenz\u00f3 a involucrarse en la gesti\u00f3n de los hoteles Alto Calafate, Los Sauces, La Aldea y Las Dunas<\/mark>. Y fue el actual diputado nacional, tambi\u00e9n, quien como ciudadano sin fueros ten\u00eda una oficina en la firma \u201cNegocios Inmobiliarias\u201d de R\u00edo Gallegos. Desde all\u00ed controlaba el cobro de los alquileres de las otras propiedades familiares.<\/p>\n\n\n\n<figure class=\"wp-block-image is-resized\"><img fetchpriority=\"high\" decoding=\"async\" src=\"https:\/\/resizer.glanacion.com\/resizer\/ULJnxwzuj14wAUKlAzQ3TXns6mA=\/310x0\/filters:format(webp):quality(80)\/cloudfront-us-east-1.images.arcpublishing.com\/lanacionar\/266HSENJ6VGUTB2FMJ5Z537K5E.jpg\" alt=\"El intercambio de mensajes de texto de M\u00e1ximo Kirchner con Jos\u00e9 L\u00f3pez\" width=\"579\" height=\"306\"\/><figcaption><strong>El intercambio de mensajes de texto de M\u00e1ximo Kirchner con Jos\u00e9 L\u00f3pez.<\/strong><\/figcaption><\/figure>\n\n\n\n<p class=\"wp-block-paragraph\">De hecho, fue en un caj\u00f3n de su escritorio en la inmobiliaria de la avenida N\u00e9stor Kirchner 496 donde los auxiliares de la Justicia encontraron evidencias de esa relaci\u00f3n comercial. Hallaron facturas, cheques, poderes y contratos de alquiler entre B\u00e1ez y N\u00e9stor Kirchner, en una relaci\u00f3n comercial que M\u00e1ximo continu\u00f3. Y as\u00ed consta en el acta del allanamiento judicial que se desarroll\u00f3 en julio de 2015.<\/p>\n\n\n\n<p class=\"wp-block-paragraph\">Ahora, el fiscal federal Diego Luciani&nbsp;<a href=\"https:\/\/www.lanacion.com.ar\/politica\/el-alegato-del-fiscal-diego-luciani-esta-comprobada-la-participacion-de-maximo-kirchner-nid05082022\/\">expuso otra arista del actual diputado nacional<\/a>. Expuso su participaci\u00f3n en la toma de decisiones gubernamentales cuando se resolvi\u00f3 pavimentar con fondos del Estado nacional cien cuadras en su ciudad natal, R\u00edo Gallegos, en 2014, o&nbsp;<a href=\"https:\/\/www.lanacion.com.ar\/politica\/la-causa-vialidad-una-pieza-vital-en-el-rompecabezas-de-una-trama-de-corrupcion-nid01082022\/\">la ejecuci\u00f3n de obras p\u00fablicas en su provincia<\/a>, Santa Cruz, en 2015. Es decir, cuando no era funcionario sino, apenas, el hijo de la entonces Presidenta.<\/p>\n\n\n\n<figure class=\"wp-block-image is-resized\"><img decoding=\"async\" src=\"https:\/\/resizer.glanacion.com\/resizer\/4NLeMSBrLc38m6ftsDp6r8OprPQ=\/310x0\/filters:format(webp):quality(80)\/cloudfront-us-east-1.images.arcpublishing.com\/lanacionar\/BH6KJTY6OJESRLAVFBOHABIVIE.jpg\" alt=\"Cristina Kirchner, L\u00e1zaro B\u00e1ez y M\u00e1ximo Kirchner salen del mausoleo de N\u00e9stor Kirchner en R\u00edo Gallegos. Foto: Pancho Mu\u00f1oz - OPI Santa Cruz\" width=\"578\" height=\"390\"\/><figcaption><strong>Cristina Kirchner, L\u00e1zaro B\u00e1ez y M\u00e1ximo Kirchner salen del mausoleo de N\u00e9stor Kirchner en R\u00edo Gallegos.<\/strong><\/figcaption><\/figure>\n\n\n\n<p class=\"wp-block-paragraph\">Para entonces, comenzaba a sonar la eventual candidatura de M\u00e1ximo Kirchner a diputado nacional \u2013se oficializar\u00eda semanas despu\u00e9s-,&nbsp;<mark>al mismo tiempo que ya se hab\u00eda involucrado de lleno en las operaciones comerciales de la familia con B\u00e1ez, Crist\u00f3bal L\u00f3pez \u2013que alquil\u00f3 departamentos y cocheras de la familia presidencial en la ciudad de Buenos Aires-, Osvaldo Sanfelice y la familia Relats, entre otros<\/mark>.<\/p>\n\n\n\n<p class=\"wp-block-paragraph\">Ese protagonismo comercial, en particular con el presunto testaferro de su familia, qued\u00f3 evidenciado en el acta de aquel allanamiento de 2015 a sus oficinas, y cuya copia obtuvo\u00a0<strong>La Naci\u00f3n<\/strong>:<\/p>\n\n\n\n<ul class=\"wp-block-list\"><li>Un contrato de locaci\u00f3n firmado entre M\u00e1ximo Kirchner y Austral Construcciones por el departamento \u201cD\u201d, del quinto piso de Roca 952, ubicado en pleno centro de R\u00edo Gallegos que pertenec\u00eda a los Kirchner desde 1982, pero que la constructora de B\u00e1ez adquiri\u00f3 en 2008. B\u00e1ez les pag\u00f3 por \u00e9l $ 380.000 a los Kirchner (unos US$ 115.000 al tipo de cambio entonces vigente), seg\u00fan consta en los registros catastrales que obtuvo y revel\u00f3\u00a0<strong>La Naci\u00f3n<\/strong>\u00a0en 2013.<\/li><li>Una carpeta blanca que en su tapa dec\u00eda \u201cCarlos Kirchner y Austral Construcciones\u201d, que conten\u00eda 93 recibos celebrados entre M\u00e1ximo Kirchner y la constructora, aun cuando Carlos era el segundo nombre del ex presidente, pero tambi\u00e9n el primer nombre de su primo, un ex funcionario del Ministerio de Planificaci\u00f3n Federal que figura entre los acusados en la llamada \u201ccausa Vialidad\u201d.<\/li><li>Dos contratos de locaci\u00f3n entre M\u00e1ximo Kirchner y Austral Construcciones por un inmueble en la calle Orkeke 416 de R\u00edo Gallegos, es decir, un inmueble que adquirieron los Kirchner en 1981 y que durante a\u00f1os ocup\u00f3 un funcionario de Vialidad nacional;<\/li><li>Contrato de locaciones celebrado entre\u00a0<strong>M\u00e1ximo Kirchner y Austral Construcciones<\/strong>, por un inmueble en la calle Brasil 520 de R\u00edo Gallegos, otro inmueble que la familia Kirchner adquiri\u00f3 en 1977, pero que en 2008 vendieron a la constructora de B\u00e1ez, como tambi\u00e9n revel\u00f3\u00a0<strong>La Naci\u00f3n<\/strong>.<\/li><\/ul>\n\n\n\n<p class=\"wp-block-paragraph\">Los hallazgos del allanamiento no se agotaron ah\u00ed. Tambi\u00e9n se secuestr\u00f3 una carpeta de color marr\u00f3n que en su tapa dec\u00eda calle \u201cRoca 952, 5to, \u2018D\u2019\u201d de R\u00edo Gallegos, que conten\u00eda tres facturas (186, 171 y 158) \u201cemitidas por N\u00e9stor Carlos Kirchner y Austral Construcciones\u201d. Tambi\u00e9n, fotocopias de los cheques numerados 01709361 a 01709365. Y una cl\u00e1usula accesoria entre M\u00e1ximo Kirchner y la constructora insignia de B\u00e1ez.<\/p>\n\n\n\n<p class=\"wp-block-paragraph\"><strong>Fuente:<\/strong> https:\/\/www.lanacion.com.ar\/<\/p>\n","protected":false},"excerpt":{"rendered":"<p>Tom\u00f3 la posta de su padre y continu\u00f3 con el v\u00ednculo con Austral Construcciones y administr\u00f3 las operaciones inmobiliarias, que incluy\u00f3 acuerdos con Crist\u00f3bal L\u00f3pez.<\/p>\n","protected":false},"author":2,"featured_media":17998,"comment_status":"open","ping_status":"closed","sticky":false,"template":"","format":"standard","meta":{"site-sidebar-layout":"default","site-content-layout":"","ast-site-content-layout":"default","site-content-style":"default","site-sidebar-style":"default","ast-global-header-display":"","ast-banner-title-visibility":"","ast-main-header-display":"","ast-hfb-above-header-display":"","ast-hfb-below-header-display":"","ast-hfb-mobile-header-display":"","site-post-title":"","ast-breadcrumbs-content":"","ast-featured-img":"","footer-sml-layout":"","ast-disable-related-posts":"","theme-transparent-header-meta":"","adv-header-id-meta":"","stick-header-meta":"","header-above-stick-meta":"","header-main-stick-meta":"","header-below-stick-meta":"","astra-migrate-meta-layouts":"default","ast-page-background-enabled":"default","ast-page-background-meta":{"desktop":{"background-color":"var(--ast-global-color-4)","background-image":"","background-repeat":"repeat","background-position":"center center","background-size":"auto","background-attachment":"scroll","background-type":"","background-media":"","overlay-type":"","overlay-color":"","overlay-opacity":"","overlay-gradient":""},"tablet":{"background-color":"","background-image":"","background-repeat":"repeat","background-position":"center center","background-size":"auto","background-attachment":"scroll","background-type":"","background-media":"","overlay-type":"","overlay-color":"","overlay-opacity":"","overlay-gradient":""},"mobile":{"background-color":"","background-image":"","background-repeat":"repeat","background-position":"center center","background-size":"auto","background-attachment":"scroll","background-type":"","background-media":"","overlay-type":"","overlay-color":"","overlay-opacity":"","overlay-gradient":""}},"ast-content-background-meta":{"desktop":{"background-color":"var(--ast-global-color-5)","background-image":"","background-repeat":"repeat","background-position":"center center","background-size":"auto","background-attachment":"scroll","background-type":"","background-media":"","overlay-type":"","overlay-color":"","overlay-opacity":"","overlay-gradient":""},"tablet":{"background-color":"var(--ast-global-color-5)","background-image":"","background-repeat":"repeat","background-position":"center center","background-size":"auto","background-attachment":"scroll","background-type":"","background-media":"","overlay-type":"","overlay-color":"","overlay-opacity":"","overlay-gradient":""},"mobile":{"background-color":"var(--ast-global-color-5)","background-image":"","background-repeat":"repeat","background-position":"center center","background-size":"auto","background-attachment":"scroll","background-type":"","background-media":"","overlay-type":"","overlay-color":"","overlay-opacity":"","overlay-gradient":""}},"footnotes":""},"categories":[23],"tags":[2523,2524],"class_list":["post-17997","post","type-post","status-publish","format-standard","has-post-thumbnail","hentry","category-economia","tag-encargado-de-los-negocios-familiares-que-heredo-la-relacion-comercial-con-lazaro-baez","tag-maximo-kirchner"],"yoast_head":"<!-- This site is optimized with the Yoast SEO plugin v23.2 - https:\/\/yoast.com\/wordpress\/plugins\/seo\/ -->\n<title>M\u00e1ximo Kirchner, encargado de los negocios familiares que hered\u00f3 la relaci\u00f3n comercial con L\u00e1zaro B\u00e1ez - Sabado 100<\/title>\n<meta name=\"robots\" content=\"index, follow, max-snippet:-1, max-image-preview:large, max-video-preview:-1\" \/>\n<link rel=\"canonical\" href=\"https:\/\/sabado100.com.ar\/es-ar\/maximo-kirchner-encargado-de-los-negocios-familiares-que-heredo-la-relacion-comercial-con-lazaro-baez\/\" \/>\n<meta property=\"og:locale\" content=\"es_ES\" \/>\n<meta property=\"og:type\" content=\"article\" \/>\n<meta property=\"og:title\" content=\"M\u00e1ximo Kirchner, encargado de los negocios familiares que hered\u00f3 la relaci\u00f3n comercial con L\u00e1zaro B\u00e1ez - Sabado 100\" \/>\n<meta property=\"og:description\" content=\"Tom\u00f3 la posta de su padre y continu\u00f3 con el v\u00ednculo con Austral Construcciones y administr\u00f3 las operaciones inmobiliarias, que incluy\u00f3 acuerdos con Crist\u00f3bal L\u00f3pez.\" \/>\n<meta property=\"og:url\" content=\"https:\/\/sabado100.com.ar\/es-ar\/maximo-kirchner-encargado-de-los-negocios-familiares-que-heredo-la-relacion-comercial-con-lazaro-baez\/\" \/>\n<meta property=\"og:site_name\" content=\"Sabado 100\" \/>\n<meta property=\"article:publisher\" content=\"https:\/\/www.facebook.com\/sabadocien\/\" \/>\n<meta property=\"article:published_time\" content=\"2022-08-06T20:02:09+00:00\" \/>\n<meta name=\"author\" content=\"sabado cien\" \/>\n<meta name=\"twitter:card\" content=\"summary_large_image\" \/>\n<meta name=\"twitter:label1\" content=\"Escrito por\" \/>\n\t<meta name=\"twitter:data1\" content=\"sabado cien\" \/>\n\t<meta name=\"twitter:label2\" content=\"Tiempo de lectura\" \/>\n\t<meta name=\"twitter:data2\" content=\"4 minutos\" \/>\n<script type=\"application\/ld+json\" class=\"yoast-schema-graph\">{\"@context\":\"https:\/\/schema.org\",\"@graph\":[{\"@type\":\"Article\",\"@id\":\"https:\/\/sabado100.com.ar\/es-ar\/maximo-kirchner-encargado-de-los-negocios-familiares-que-heredo-la-relacion-comercial-con-lazaro-baez\/#article\",\"isPartOf\":{\"@id\":\"https:\/\/sabado100.com.ar\/es-ar\/maximo-kirchner-encargado-de-los-negocios-familiares-que-heredo-la-relacion-comercial-con-lazaro-baez\/\"},\"author\":{\"name\":\"sabado cien\",\"@id\":\"https:\/\/sabado100.com.ar\/es-ar\/#\/schema\/person\/58e38b918ef4e44b11398f25d4684c6d\"},\"headline\":\"M\u00e1ximo Kirchner, encargado de los negocios familiares que hered\u00f3 la relaci\u00f3n comercial con L\u00e1zaro B\u00e1ez\",\"datePublished\":\"2022-08-06T20:02:09+00:00\",\"dateModified\":\"2022-08-06T20:02:09+00:00\",\"mainEntityOfPage\":{\"@id\":\"https:\/\/sabado100.com.ar\/es-ar\/maximo-kirchner-encargado-de-los-negocios-familiares-que-heredo-la-relacion-comercial-con-lazaro-baez\/\"},\"wordCount\":903,\"commentCount\":0,\"publisher\":{\"@id\":\"https:\/\/sabado100.com.ar\/es-ar\/#organization\"},\"image\":{\"@id\":\"https:\/\/sabado100.com.ar\/es-ar\/maximo-kirchner-encargado-de-los-negocios-familiares-que-heredo-la-relacion-comercial-con-lazaro-baez\/#primaryimage\"},\"thumbnailUrl\":\"\",\"keywords\":[\"encargado de los negocios familiares que hered\u00f3 la relaci\u00f3n comercial con L\u00e1zaro B\u00e1ez\",\"M\u00e1ximo Kirchner\"],\"articleSection\":[\"Econom\u00eda\"],\"inLanguage\":\"es\",\"potentialAction\":[{\"@type\":\"CommentAction\",\"name\":\"Comment\",\"target\":[\"https:\/\/sabado100.com.ar\/es-ar\/maximo-kirchner-encargado-de-los-negocios-familiares-que-heredo-la-relacion-comercial-con-lazaro-baez\/#respond\"]}]},{\"@type\":\"WebPage\",\"@id\":\"https:\/\/sabado100.com.ar\/es-ar\/maximo-kirchner-encargado-de-los-negocios-familiares-que-heredo-la-relacion-comercial-con-lazaro-baez\/\",\"url\":\"https:\/\/sabado100.com.ar\/es-ar\/maximo-kirchner-encargado-de-los-negocios-familiares-que-heredo-la-relacion-comercial-con-lazaro-baez\/\",\"name\":\"M\u00e1ximo Kirchner, encargado de los negocios familiares que hered\u00f3 la relaci\u00f3n comercial con L\u00e1zaro B\u00e1ez - Sabado 100\",\"isPartOf\":{\"@id\":\"https:\/\/sabado100.com.ar\/es-ar\/#website\"},\"primaryImageOfPage\":{\"@id\":\"https:\/\/sabado100.com.ar\/es-ar\/maximo-kirchner-encargado-de-los-negocios-familiares-que-heredo-la-relacion-comercial-con-lazaro-baez\/#primaryimage\"},\"image\":{\"@id\":\"https:\/\/sabado100.com.ar\/es-ar\/maximo-kirchner-encargado-de-los-negocios-familiares-que-heredo-la-relacion-comercial-con-lazaro-baez\/#primaryimage\"},\"thumbnailUrl\":\"\",\"datePublished\":\"2022-08-06T20:02:09+00:00\",\"dateModified\":\"2022-08-06T20:02:09+00:00\",\"breadcrumb\":{\"@id\":\"https:\/\/sabado100.com.ar\/es-ar\/maximo-kirchner-encargado-de-los-negocios-familiares-que-heredo-la-relacion-comercial-con-lazaro-baez\/#breadcrumb\"},\"inLanguage\":\"es\",\"potentialAction\":[{\"@type\":\"ReadAction\",\"target\":[\"https:\/\/sabado100.com.ar\/es-ar\/maximo-kirchner-encargado-de-los-negocios-familiares-que-heredo-la-relacion-comercial-con-lazaro-baez\/\"]}]},{\"@type\":\"ImageObject\",\"inLanguage\":\"es\",\"@id\":\"https:\/\/sabado100.com.ar\/es-ar\/maximo-kirchner-encargado-de-los-negocios-familiares-que-heredo-la-relacion-comercial-con-lazaro-baez\/#primaryimage\",\"url\":\"\",\"contentUrl\":\"\"},{\"@type\":\"BreadcrumbList\",\"@id\":\"https:\/\/sabado100.com.ar\/es-ar\/maximo-kirchner-encargado-de-los-negocios-familiares-que-heredo-la-relacion-comercial-con-lazaro-baez\/#breadcrumb\",\"itemListElement\":[{\"@type\":\"ListItem\",\"position\":1,\"name\":\"Portada\",\"item\":\"https:\/\/sabado100.com.ar\/es-ar\/\"},{\"@type\":\"ListItem\",\"position\":2,\"name\":\"M\u00e1ximo Kirchner, encargado de los negocios familiares que hered\u00f3 la relaci\u00f3n comercial con L\u00e1zaro B\u00e1ez\"}]},{\"@type\":\"WebSite\",\"@id\":\"https:\/\/sabado100.com.ar\/es-ar\/#website\",\"url\":\"https:\/\/sabado100.com.ar\/es-ar\/\",\"name\":\"Sabado 100\",\"description\":\"\",\"publisher\":{\"@id\":\"https:\/\/sabado100.com.ar\/es-ar\/#organization\"},\"potentialAction\":[{\"@type\":\"SearchAction\",\"target\":{\"@type\":\"EntryPoint\",\"urlTemplate\":\"https:\/\/sabado100.com.ar\/es-ar\/?s={search_term_string}\"},\"query-input\":\"required name=search_term_string\"}],\"inLanguage\":\"es\"},{\"@type\":\"Organization\",\"@id\":\"https:\/\/sabado100.com.ar\/es-ar\/#organization\",\"name\":\"Sabado 100\",\"url\":\"https:\/\/sabado100.com.ar\/es-ar\/\",\"logo\":{\"@type\":\"ImageObject\",\"inLanguage\":\"es\",\"@id\":\"https:\/\/sabado100.com.ar\/es-ar\/#\/schema\/logo\/image\/\",\"url\":\"https:\/\/sabado100.com.ar\/es-ar\/wp-content\/uploads\/2024\/04\/logo3.jpg\",\"contentUrl\":\"https:\/\/sabado100.com.ar\/es-ar\/wp-content\/uploads\/2024\/04\/logo3.jpg\",\"width\":300,\"height\":174,\"caption\":\"Sabado 100\"},\"image\":{\"@id\":\"https:\/\/sabado100.com.ar\/es-ar\/#\/schema\/logo\/image\/\"},\"sameAs\":[\"https:\/\/www.facebook.com\/sabadocien\/\",\"https:\/\/www.instagram.com\/sabado100.com.ar\/\",\"https:\/\/www.youtube.com\/@sabado1003\"]},{\"@type\":\"Person\",\"@id\":\"https:\/\/sabado100.com.ar\/es-ar\/#\/schema\/person\/58e38b918ef4e44b11398f25d4684c6d\",\"name\":\"sabado cien\",\"image\":{\"@type\":\"ImageObject\",\"inLanguage\":\"es\",\"@id\":\"https:\/\/sabado100.com.ar\/es-ar\/#\/schema\/person\/image\/\",\"url\":\"https:\/\/sabado100.com.ar\/es-ar\/wp-content\/litespeed\/avatar\/484bccfbd493fbb703b0f1b8113dad61.jpg?ver=1787731622\",\"contentUrl\":\"https:\/\/sabado100.com.ar\/es-ar\/wp-content\/litespeed\/avatar\/484bccfbd493fbb703b0f1b8113dad61.jpg?ver=1787731622\",\"caption\":\"sabado cien\"},\"url\":\"https:\/\/sabado100.com.ar\/es-ar\/author\/sabado100\/\"}]}<\/script>\n<!-- \/ Yoast SEO plugin. -->","yoast_head_json":{"title":"M\u00e1ximo Kirchner, encargado de los negocios familiares que hered\u00f3 la relaci\u00f3n comercial con L\u00e1zaro B\u00e1ez - Sabado 100","robots":{"index":"index","follow":"follow","max-snippet":"max-snippet:-1","max-image-preview":"max-image-preview:large","max-video-preview":"max-video-preview:-1"},"canonical":"https:\/\/sabado100.com.ar\/es-ar\/maximo-kirchner-encargado-de-los-negocios-familiares-que-heredo-la-relacion-comercial-con-lazaro-baez\/","og_locale":"es_ES","og_type":"article","og_title":"M\u00e1ximo Kirchner, encargado de los negocios familiares que hered\u00f3 la relaci\u00f3n comercial con L\u00e1zaro B\u00e1ez - Sabado 100","og_description":"Tom\u00f3 la posta de su padre y continu\u00f3 con el v\u00ednculo con Austral Construcciones y administr\u00f3 las operaciones inmobiliarias, que incluy\u00f3 acuerdos con Crist\u00f3bal L\u00f3pez.","og_url":"https:\/\/sabado100.com.ar\/es-ar\/maximo-kirchner-encargado-de-los-negocios-familiares-que-heredo-la-relacion-comercial-con-lazaro-baez\/","og_site_name":"Sabado 100","article_publisher":"https:\/\/www.facebook.com\/sabadocien\/","article_published_time":"2022-08-06T20:02:09+00:00","author":"sabado cien","twitter_card":"summary_large_image","twitter_misc":{"Escrito por":"sabado cien","Tiempo de lectura":"4 minutos"},"schema":{"@context":"https:\/\/schema.org","@graph":[{"@type":"Article","@id":"https:\/\/sabado100.com.ar\/es-ar\/maximo-kirchner-encargado-de-los-negocios-familiares-que-heredo-la-relacion-comercial-con-lazaro-baez\/#article","isPartOf":{"@id":"https:\/\/sabado100.com.ar\/es-ar\/maximo-kirchner-encargado-de-los-negocios-familiares-que-heredo-la-relacion-comercial-con-lazaro-baez\/"},"author":{"name":"sabado cien","@id":"https:\/\/sabado100.com.ar\/es-ar\/#\/schema\/person\/58e38b918ef4e44b11398f25d4684c6d"},"headline":"M\u00e1ximo Kirchner, encargado de los negocios familiares que hered\u00f3 la relaci\u00f3n comercial con L\u00e1zaro B\u00e1ez","datePublished":"2022-08-06T20:02:09+00:00","dateModified":"2022-08-06T20:02:09+00:00","mainEntityOfPage":{"@id":"https:\/\/sabado100.com.ar\/es-ar\/maximo-kirchner-encargado-de-los-negocios-familiares-que-heredo-la-relacion-comercial-con-lazaro-baez\/"},"wordCount":903,"commentCount":0,"publisher":{"@id":"https:\/\/sabado100.com.ar\/es-ar\/#organization"},"image":{"@id":"https:\/\/sabado100.com.ar\/es-ar\/maximo-kirchner-encargado-de-los-negocios-familiares-que-heredo-la-relacion-comercial-con-lazaro-baez\/#primaryimage"},"thumbnailUrl":"","keywords":["encargado de los negocios familiares que hered\u00f3 la relaci\u00f3n comercial con L\u00e1zaro B\u00e1ez","M\u00e1ximo Kirchner"],"articleSection":["Econom\u00eda"],"inLanguage":"es","potentialAction":[{"@type":"CommentAction","name":"Comment","target":["https:\/\/sabado100.com.ar\/es-ar\/maximo-kirchner-encargado-de-los-negocios-familiares-que-heredo-la-relacion-comercial-con-lazaro-baez\/#respond"]}]},{"@type":"WebPage","@id":"https:\/\/sabado100.com.ar\/es-ar\/maximo-kirchner-encargado-de-los-negocios-familiares-que-heredo-la-relacion-comercial-con-lazaro-baez\/","url":"https:\/\/sabado100.com.ar\/es-ar\/maximo-kirchner-encargado-de-los-negocios-familiares-que-heredo-la-relacion-comercial-con-lazaro-baez\/","name":"M\u00e1ximo Kirchner, encargado de los negocios familiares que hered\u00f3 la relaci\u00f3n comercial con L\u00e1zaro B\u00e1ez - Sabado 100","isPartOf":{"@id":"https:\/\/sabado100.com.ar\/es-ar\/#website"},"primaryImageOfPage":{"@id":"https:\/\/sabado100.com.ar\/es-ar\/maximo-kirchner-encargado-de-los-negocios-familiares-que-heredo-la-relacion-comercial-con-lazaro-baez\/#primaryimage"},"image":{"@id":"https:\/\/sabado100.com.ar\/es-ar\/maximo-kirchner-encargado-de-los-negocios-familiares-que-heredo-la-relacion-comercial-con-lazaro-baez\/#primaryimage"},"thumbnailUrl":"","datePublished":"2022-08-06T20:02:09+00:00","dateModified":"2022-08-06T20:02:09+00:00","breadcrumb":{"@id":"https:\/\/sabado100.com.ar\/es-ar\/maximo-kirchner-encargado-de-los-negocios-familiares-que-heredo-la-relacion-comercial-con-lazaro-baez\/#breadcrumb"},"inLanguage":"es","potentialAction":[{"@type":"ReadAction","target":["https:\/\/sabado100.com.ar\/es-ar\/maximo-kirchner-encargado-de-los-negocios-familiares-que-heredo-la-relacion-comercial-con-lazaro-baez\/"]}]},{"@type":"ImageObject","inLanguage":"es","@id":"https:\/\/sabado100.com.ar\/es-ar\/maximo-kirchner-encargado-de-los-negocios-familiares-que-heredo-la-relacion-comercial-con-lazaro-baez\/#primaryimage","url":"","contentUrl":""},{"@type":"BreadcrumbList","@id":"https:\/\/sabado100.com.ar\/es-ar\/maximo-kirchner-encargado-de-los-negocios-familiares-que-heredo-la-relacion-comercial-con-lazaro-baez\/#breadcrumb","itemListElement":[{"@type":"ListItem","position":1,"name":"Portada","item":"https:\/\/sabado100.com.ar\/es-ar\/"},{"@type":"ListItem","position":2,"name":"M\u00e1ximo Kirchner, encargado de los negocios familiares que hered\u00f3 la relaci\u00f3n comercial con L\u00e1zaro B\u00e1ez"}]},{"@type":"WebSite","@id":"https:\/\/sabado100.com.ar\/es-ar\/#website","url":"https:\/\/sabado100.com.ar\/es-ar\/","name":"Sabado 100","description":"","publisher":{"@id":"https:\/\/sabado100.com.ar\/es-ar\/#organization"},"potentialAction":[{"@type":"SearchAction","target":{"@type":"EntryPoint","urlTemplate":"https:\/\/sabado100.com.ar\/es-ar\/?s={search_term_string}"},"query-input":"required name=search_term_string"}],"inLanguage":"es"},{"@type":"Organization","@id":"https:\/\/sabado100.com.ar\/es-ar\/#organization","name":"Sabado 100","url":"https:\/\/sabado100.com.ar\/es-ar\/","logo":{"@type":"ImageObject","inLanguage":"es","@id":"https:\/\/sabado100.com.ar\/es-ar\/#\/schema\/logo\/image\/","url":"https:\/\/sabado100.com.ar\/es-ar\/wp-content\/uploads\/2024\/04\/logo3.jpg","contentUrl":"https:\/\/sabado100.com.ar\/es-ar\/wp-content\/uploads\/2024\/04\/logo3.jpg","width":300,"height":174,"caption":"Sabado 100"},"image":{"@id":"https:\/\/sabado100.com.ar\/es-ar\/#\/schema\/logo\/image\/"},"sameAs":["https:\/\/www.facebook.com\/sabadocien\/","https:\/\/www.instagram.com\/sabado100.com.ar\/","https:\/\/www.youtube.com\/@sabado1003"]},{"@type":"Person","@id":"https:\/\/sabado100.com.ar\/es-ar\/#\/schema\/person\/58e38b918ef4e44b11398f25d4684c6d","name":"sabado cien","image":{"@type":"ImageObject","inLanguage":"es","@id":"https:\/\/sabado100.com.ar\/es-ar\/#\/schema\/person\/image\/","url":"https:\/\/sabado100.com.ar\/es-ar\/wp-content\/litespeed\/avatar\/484bccfbd493fbb703b0f1b8113dad61.jpg?ver=1787731622","contentUrl":"https:\/\/sabado100.com.ar\/es-ar\/wp-content\/litespeed\/avatar\/484bccfbd493fbb703b0f1b8113dad61.jpg?ver=1787731622","caption":"sabado cien"},"url":"https:\/\/sabado100.com.ar\/es-ar\/author\/sabado100\/"}]}},"_links":{"self":[{"href":"https:\/\/sabado100.com.ar\/es-ar\/wp-json\/wp\/v2\/posts\/17997","targetHints":{"allow":["GET"]}}],"collection":[{"href":"https:\/\/sabado100.com.ar\/es-ar\/wp-json\/wp\/v2\/posts"}],"about":[{"href":"https:\/\/sabado100.com.ar\/es-ar\/wp-json\/wp\/v2\/types\/post"}],"author":[{"embeddable":true,"href":"https:\/\/sabado100.com.ar\/es-ar\/wp-json\/wp\/v2\/users\/2"}],"replies":[{"embeddable":true,"href":"https:\/\/sabado100.com.ar\/es-ar\/wp-json\/wp\/v2\/comments?post=17997"}],"version-history":[{"count":0,"href":"https:\/\/sabado100.com.ar\/es-ar\/wp-json\/wp\/v2\/posts\/17997\/revisions"}],"wp:attachment":[{"href":"https:\/\/sabado100.com.ar\/es-ar\/wp-json\/wp\/v2\/media?parent=17997"}],"wp:term":[{"taxonomy":"category","embeddable":true,"href":"https:\/\/sabado100.com.ar\/es-ar\/wp-json\/wp\/v2\/categories?post=17997"},{"taxonomy":"post_tag","embeddable":true,"href":"https:\/\/sabado100.com.ar\/es-ar\/wp-json\/wp\/v2\/tags?post=17997"}],"curies":[{"name":"wp","href":"https:\/\/api.w.org\/{rel}","templated":true}]}}